{"id":879,"date":"2021-03-05T21:26:00","date_gmt":"2021-03-05T20:26:00","guid":{"rendered":"http:\/\/szkolapodlipami.pl\/?p=879"},"modified":"2021-05-11T15:38:08","modified_gmt":"2021-05-11T13:38:08","slug":"dzien-wspolpracy","status":"publish","type":"post","link":"https:\/\/szkolapodlipami.pl\/?p=879","title":{"rendered":"Dzie\u0144 Wsp\u00f3\u0142pracy"},"content":{"rendered":"<div class=\"kvgmc6g5 cxmmr5t8 oygrvhab hcukyx3x c1et5uql ii04i59q\">\n<div dir=\"auto\">Przez ostatnie pi\u0119\u0107 lat nasza szko\u0142a bra\u0142a udzia\u0142 w Dniu Wsp\u00f3\u0142pracy, kt\u00f3ry odbywa\u0142 si\u0119 w murach Uniwersytetu Przyrodniczego. W tym roku, ze wzgl\u0119du na sytuacj\u0119 epidemiczn\u0105 w naszym kraju, pragniemy zaprosi\u0107 na Dzie\u0144 Wsp\u00f3\u0142pracy (6 edycja), kt\u00f3ry odb\u0119dzie si\u0119 26 marca 2021 r., wy\u0142\u0105cznie w formule on-line.<\/div>\n<\/div>\n<div class=\"o9v6fnle cxmmr5t8 oygrvhab hcukyx3x c1et5uql ii04i59q\">\n<div dir=\"auto\"><\/div>\n<div dir=\"auto\">Wydzia\u0142 Ekonomiczny przygotowuje dla Was wydarzenie na kanale wydzia\u0142owym serwisu YouTube w zak\u0142adce Live (link: <a class=\"oajrlxb2 g5ia77u1 qu0x051f esr5mh6w e9989ue4 r7d6kgcz rq0escxv nhd2j8a9 nc684nl6 p7hjln8o kvgmc6g5 cxmmr5t8 oygrvhab hcukyx3x jb3vyjys rz4wbd8a qt6c0cv9 a8nywdso i1ao9s8h esuyzwwr f1sip0of lzcic4wl py34i1dx gpro0wi8\" tabindex=\"0\" role=\"link\" href=\"https:\/\/l.facebook.com\/l.php?u=https%3A%2F%2Fyoutu.be%2FU3L_2UMSOdY%3Ffbclid%3DIwAR0ha8gOSYpqOAa7tZG9pfu8-p7lIy3nR2zUx970yavXt1L8zJVIo15KAf4&amp;h=AT0eyu5Bev4HCaDTSqyHmXMNlMaoPRZ30QjrEd8Db-mZCyGHksNO3TTUY5eFgqk66fKc4yrkmm7UjOP9CZfM0lZAKL-72P_f1RaWbucoKb23wTCt9PyHG1B2tD0IW1YSfIk2&amp;__tn__=-UK-R&amp;c[0]=AT0YwnpgX7AhWcfkYLszbYeiXydJp5yWWdDeph7RT16fpTFdcwYp6ByvU2KcYbwfWJlHwpg47pKEQVolewZaZ4WRqKaw4lGAbVWppyiOzGTvUSjKnAvO-67V_SInEaTdXuIpl3qKDoJtdpRDH3GNTWbYvRjk_dwqiaHzLW1gxKB1nkQ\" target=\"_blank\" rel=\"nofollow noopener\">https:\/\/youtu.be\/U3L_2UMSOdY<\/a>), kt\u00f3re pozwoli na zaprezentowanie dzia\u0142alno\u015bci naukowej i dydaktycznej UP w powi\u0105zaniu z ciekawymi wywiadami, wyk\u0142adami oraz materia\u0142ami przygotowanymi specjalnie na ten dzie\u0144 przez studenckie ko\u0142a naukowe, samorz\u0105d wydzia\u0142u, jak i samych wyk\u0142adowc\u00f3w.<\/div>\n<div dir=\"auto\"><\/div>\n<div dir=\"auto\">Czas trwania wydarzenia 12:00 \u2013 14:00. Podczas transmisji b\u0119dzie dost\u0119pny CZAT, daj\u0105cy mo\u017cliwo\u015b\u0107 zadawania pyta\u0144 i porozmawiania z przedstawicielami wydzia\u0142u, studentami reprezentuj\u0105cymi wybrane kierunki studi\u00f3w.<\/div>\n<div dir=\"auto\">Zapraszamy serdecznie <span class=\"pq6dq46d tbxw36s4 knj5qynh kvgmc6g5 ditlmg2l oygrvhab nvdbi5me sf5mxxl7 gl3lb2sf hhz5lgdu\"><img loading=\"lazy\" decoding=\"async\" src=\"https:\/\/static.xx.fbcdn.net\/images\/emoji.php\/v9\/t4c\/1\/16\/1f642.png\" alt=\"????\" width=\"16\" height=\"16\" \/><\/span><\/div>\n<div dir=\"auto\"><img loading=\"lazy\" decoding=\"async\" class=\"aligncenter size-large wp-image-880\" src=\"https:\/\/szkolapodlipami.pl\/wp-content\/uploads\/2021\/03\/p2-1024x576.jpg\" alt=\"\" width=\"731\" height=\"411\" srcset=\"https:\/\/szkolapodlipami.pl\/wp-content\/uploads\/2021\/03\/p2-1024x576.jpg 1024w, https:\/\/szkolapodlipami.pl\/wp-content\/uploads\/2021\/03\/p2-300x169.jpg 300w, https:\/\/szkolapodlipami.pl\/wp-content\/uploads\/2021\/03\/p2-768x432.jpg 768w, https:\/\/szkolapodlipami.pl\/wp-content\/uploads\/2021\/03\/p2-430x242.jpg 430w, https:\/\/szkolapodlipami.pl\/wp-content\/uploads\/2021\/03\/p2.jpg 1280w\" sizes=\"auto, (max-width: 731px) 100vw, 731px\" \/> <img loading=\"lazy\" decoding=\"async\" class=\"aligncenter size-large wp-image-881\" src=\"https:\/\/szkolapodlipami.pl\/wp-content\/uploads\/2021\/03\/p1.jpg\" alt=\"\" width=\"731\" height=\"548\" srcset=\"https:\/\/szkolapodlipami.pl\/wp-content\/uploads\/2021\/03\/p1.jpg 960w, https:\/\/szkolapodlipami.pl\/wp-content\/uploads\/2021\/03\/p1-300x225.jpg 300w, https:\/\/szkolapodlipami.pl\/wp-content\/uploads\/2021\/03\/p1-768x576.jpg 768w, https:\/\/szkolapodlipami.pl\/wp-content\/uploads\/2021\/03\/p1-333x250.jpg 333w\" sizes=\"auto, (max-width: 731px) 100vw, 731px\" \/><\/div>\n<\/div>\n","protected":false},"excerpt":{"rendered":"<p>Przez ostatnie pi\u0119\u0107 lat nasza szko\u0142a bra\u0142a udzia\u0142 w Dniu Wsp\u00f3\u0142pracy, kt\u00f3ry odbywa\u0142 si\u0119 w murach Uniwersytetu Przyrodniczego. W tym roku, ze wzgl\u0119du na sytuacj\u0119 epidemiczn\u0105 w naszym kraju, pragniemy zaprosi\u0107 na Dzie\u0144 Wsp\u00f3\u0142pracy (6 edycja), kt\u00f3ry odb\u0119dzie si\u0119 26 marca 2021 r., wy\u0142\u0105cznie w formule on-line. Wydzia\u0142 Ekonomiczny przygotowuje &hellip;<\/p>\n","protected":false},"author":1,"featured_media":0,"comment_status":"closed","ping_status":"open","sticky":false,"template":"","format":"standard","meta":{"footnotes":""},"categories":[2],"tags":[],"class_list":["post-879","post","type-post","status-publish","format-standard","hentry","category-aktualnosci"],"_links":{"self":[{"href":"https:\/\/szkolapodlipami.pl\/index.php?rest_route=\/wp\/v2\/posts\/879","targetHints":{"allow":["GET"]}}],"collection":[{"href":"https:\/\/szkolapodlipami.pl\/index.php?rest_route=\/wp\/v2\/posts"}],"about":[{"href":"https:\/\/szkolapodlipami.pl\/index.php?rest_route=\/wp\/v2\/types\/post"}],"author":[{"embeddable":true,"href":"https:\/\/szkolapodlipami.pl\/index.php?rest_route=\/wp\/v2\/users\/1"}],"replies":[{"embeddable":true,"href":"https:\/\/szkolapodlipami.pl\/index.php?rest_route=%2Fwp%2Fv2%2Fcomments&post=879"}],"version-history":[{"count":1,"href":"https:\/\/szkolapodlipami.pl\/index.php?rest_route=\/wp\/v2\/posts\/879\/revisions"}],"predecessor-version":[{"id":882,"href":"https:\/\/szkolapodlipami.pl\/index.php?rest_route=\/wp\/v2\/posts\/879\/revisions\/882"}],"wp:attachment":[{"href":"https:\/\/szkolapodlipami.pl\/index.php?rest_route=%2Fwp%2Fv2%2Fmedia&parent=879"}],"wp:term":[{"taxonomy":"category","embeddable":true,"href":"https:\/\/szkolapodlipami.pl\/index.php?rest_route=%2Fwp%2Fv2%2Fcategories&post=879"},{"taxonomy":"post_tag","embeddable":true,"href":"https:\/\/szkolapodlipami.pl\/index.php?rest_route=%2Fwp%2Fv2%2Ftags&post=879"}],"curies":[{"name":"wp","href":"https:\/\/api.w.org\/{rel}","templated":true}]}}