{"id":872,"date":"2021-03-11T23:09:28","date_gmt":"2021-03-11T22:09:28","guid":{"rendered":"http:\/\/szkolapodlipami.pl\/?p=872"},"modified":"2021-03-14T23:10:08","modified_gmt":"2021-03-14T22:10:08","slug":"grand-prix-iuks-jedynka-edycja-iii","status":"publish","type":"post","link":"https:\/\/szkolapodlipami.pl\/?p=872","title":{"rendered":"Grand Prix IUKS Jedynka edycja III"},"content":{"rendered":"<p><strong>1 klasa dziewcz\u0119ta \u2013\u00a025m nn na grzbiecie<\/strong><\/p>\n<ol>\n<li><strong>Weso\u0142owska Katarzyna 00:29,07<\/strong><\/li>\n<li><strong>Czerwi\u0144ska Joanna 00:30,10<\/strong><\/li>\n<li><strong>Stefanowicz Zofia 00:33,50<\/strong><\/li>\n<li><strong>Miroshnyk Anna 00:33,56<\/strong><\/li>\n<li><strong>K\u0142osowska Maria 00:35,60<\/strong><\/li>\n<li><strong>Krawczyk Zuzanna 00:36,02<\/strong><\/li>\n<li><strong>Lijewska Zuzanna\u00a0\u00a0\u00a0\u00a0\u00a0\u00a0\u00a0\u00a0\u00a0\u00a0\u00a0\u00a0\u00a0\u00a0 00:36,87<\/strong><\/li>\n<li><strong>S\u0142owicka Natalia 00:38,29<\/strong><\/li>\n<li><strong>Schmidte Lena 00:38,65<\/strong><\/li>\n<li><strong>Savchyshyna Polina 00:38,70<\/strong><\/li>\n<li><strong>Konieczna Liliana 00:39,50<\/strong><\/li>\n<li><strong>Lewandowska Olga 00:39,80<\/strong><\/li>\n<li><strong>Binkowska Maja 00:39,97<\/strong><\/li>\n<li><strong>Koc Kalina 00:42,60<\/strong><\/li>\n<li><strong>Zakrzewska Aleksandra 00:45,00<\/strong><\/li>\n<li><strong>Szwajkowska Natalia 00:46,50<\/strong><\/li>\n<\/ol>\n<p><strong>\u00a0<\/strong><\/p>\n<p><strong>\u00a0<\/strong><\/p>\n<p><strong>1 klasa ch\u0142opcy \u2013\u00a025m nn na grzbiecie\u00a0\u00a0\u00a0 <\/strong><\/p>\n<ol>\n<li><strong>Miku\u0142a Maciej 00:26,10<\/strong><\/li>\n<li><strong>Malicki Jakub 00:31,80<\/strong><\/li>\n<li><strong>Konieczny Olaf 00:33,58<\/strong><\/li>\n<li><strong>Isaiev Illia 00:34,71<\/strong><\/li>\n<li><strong>Grzechowiak Leon 00:35,05<\/strong><\/li>\n<li><strong>Melonek Krystian 00:35,39<\/strong><\/li>\n<li><strong>Torz Stanis\u0142aw 00:36,90<\/strong><\/li>\n<li><strong>Matysiak Piotr 00:39,03<\/strong><\/li>\n<li><strong>M\u0105droszyk Jakub 00:40,35<\/strong><\/li>\n<li><strong>Andrzejewski Igor 00:43,55<\/strong><\/li>\n<li><strong>Jaros Ksawery 00:45,38<\/strong><\/li>\n<li><strong>Jarosiewicz Kamil 00:46,17<\/strong><\/li>\n<li><strong>Pilch Franciszek 00:46,27<\/strong><\/li>\n<li><strong>Szarza\u0142a Filip 00:50,05<\/strong><\/li>\n<li><strong>Latanowicz Bartosz 00:51,04<\/strong><\/li>\n<li><strong>Basi\u0144ski Witold 00:53,99<\/strong><\/li>\n<li><strong>Grender Oliwier 01:13,55<\/strong><\/li>\n<\/ol>\n<p><strong>\u00a0<\/strong><\/p>\n<p><strong>klasa 2 dziewcz\u0119ta \u2013 50m stylem grzbietowym<\/strong><\/p>\n<ol>\n<li><strong>W\u00f3jcik Marta 00:48,78<\/strong><\/li>\n<li><strong>Miko\u0142ajczak Helena 00:52,34<\/strong><\/li>\n<li><strong>Latanowicz Natalia 00:54,09<\/strong><\/li>\n<li><strong>Makowska Nina 00:55,20<\/strong><\/li>\n<li><strong>R\u00f3g Aleksandra\u00a0\u00a0\u00a0\u00a0\u00a0\u00a0\u00a0\u00a0\u00a0\u00a0\u00a0\u00a0\u00a0\u00a0\u00a0\u00a0\u00a0\u00a0 00:58,03<\/strong><\/li>\n<li><strong>Nowak Julia 00:58,23<\/strong><\/li>\n<li><strong>Majewska Sara 00:59,17<\/strong><\/li>\n<li><strong>Cz\u0142apa Blanka 01:00,25<\/strong><\/li>\n<li><strong>Koz\u0142owska Maja 01:00,99<\/strong><\/li>\n<li><strong>Przyworska Pola 01:01,60<\/strong><\/li>\n<li><strong>Szczypek Milena 01:05,06<\/strong><\/li>\n<li><strong>Smykaj Katarzyna 01:07,63<\/strong><\/li>\n<li><strong>Mazurkiewicz Martyna 01:08,42<\/strong><\/li>\n<li><strong>Garwoli\u0144ska Gabriela 01:10,00<\/strong><\/li>\n<li><strong>Wi\u015bniewska Nikola 01:10,91<\/strong><\/li>\n<li><strong>Stefaniak Karolina 01:16,31<\/strong><\/li>\n<li><strong>Skoczowska Martyna 01:16,72 <\/strong><\/li>\n<\/ol>\n<p><strong>\u00a0<\/strong><\/p>\n<p><strong>\u00a0<\/strong><\/p>\n<p><strong>klasa 2 ch\u0142opcy \u2013 <\/strong><strong>50m stylem grzbietowym<\/strong><\/p>\n<ol>\n<li><strong>Markiewicz Ignacy 00:54,21<\/strong><\/li>\n<li><strong>Kry\u015bciak Wojciech 00:54,78<\/strong><\/li>\n<li><strong>Laskowski Filip 00:58,89<\/strong><\/li>\n<li><strong>Kurek Franciszek 00:59,07<\/strong><\/li>\n<li><strong>Lechowicz Antoni 00:59,64<\/strong><\/li>\n<li><strong>Malovychko Filip 00:59,81<\/strong><\/li>\n<li><strong>Cudzi\u0142o Micha\u0142 01:01,41<\/strong><\/li>\n<li><strong>Juszkiewicz \u2013 Zapata Piotr 01:03,27<\/strong><\/li>\n<li><strong>Wojciechowski Antoni 01:07,44<\/strong><\/li>\n<li><strong>Kubiak Maurycy 01:10,09<\/strong><\/li>\n<li><strong>R\u00f3\u017cczka Kamil 01:10,39<\/strong><\/li>\n<li><strong>Kowalik Aleksander 01:11,28<\/strong><\/li>\n<li><strong>Pracharczyk Maks 01:13,98<\/strong><\/li>\n<li><strong>Terto\u0144 Szymon 01:16,20<\/strong><\/li>\n<li><strong>Chojnacki Adam 01:19,48<\/strong><\/li>\n<\/ol>\n<p><strong>\u00a0<\/strong><\/p>\n<p><strong>\u00a0<\/strong><\/p>\n<p><strong>klasa 3 dziewcz\u0119ta \u2013 50m stylem grzbietowym<\/strong><\/p>\n<ol>\n<li><strong>Tkachuk Ewa \u00a0\u00a0\u00a0\u00a0\u00a0\u00a0\u00a0\u00a0\u00a0\u00a0\u00a0\u00a0\u00a0\u00a0\u00a0\u00a0\u00a0\u00a0\u00a0\u00a0\u00a0\u00a0\u00a0 00:45,25<\/strong><\/li>\n<li><strong>Grabowska Ma\u0142gorzata 00:46,05<\/strong><\/li>\n<li><strong>R\u017cysko Amelia 00:47,27<\/strong><\/li>\n<li><strong>Gry\u015bka Gabriela 00:48,05<\/strong><\/li>\n<li><strong>Krause Barbara 00:51,00<\/strong><\/li>\n<li><strong>Frankowska Weronika 00:52,06<\/strong><\/li>\n<li><strong>Schmidt Amelia 00:53,45<\/strong><\/li>\n<li><strong>Malicka Laura 00:56,95<\/strong><\/li>\n<li><strong>Zhornitska Oleksandra 01:00,73<\/strong><\/li>\n<li><strong>Starzy\u0144ska Saskia 01:01,41<\/strong><\/li>\n<li><strong>Melonek Sandra 01:02,76<\/strong><\/li>\n<\/ol>\n<p><strong>\u00a0<\/strong><\/p>\n<p><strong>\u00a0<\/strong><\/p>\n<p><strong>klasa 3 ch\u0142opcy \u2013 <\/strong><strong>50m stylem grzbietowym<\/strong><\/p>\n<ol>\n<li><strong>Rajewski Bartosz 00:44,17<\/strong><\/li>\n<li><strong>Grzechowiak Jakub 00:44,91<\/strong><\/li>\n<li><strong>Wo\u015b Ignacy 00:46,25<\/strong><\/li>\n<li><strong>Jaczy\u0144ski Marcin 00:46,61<\/strong><\/li>\n<li><strong>Krowicki Stefan 00:47,63<\/strong><\/li>\n<li><strong>Andrzejewski Aleksander 00:49,39<\/strong><\/li>\n<li><strong>Wr\u00f3bel Tytus 00:49,73<\/strong><\/li>\n<li><strong>Bobowski Marcel 00:50,70<\/strong><\/li>\n<li><strong>May Tymon 00:52,06<\/strong><\/li>\n<li><strong>Zaj\u0105c Grzegorz 00:53,46<\/strong><\/li>\n<li><strong>Wrzesi\u0144ski Micha\u0142 00:57,56<\/strong><\/li>\n<li><strong>J\u0119drzejewski Jeremi 00:58,21<\/strong><\/li>\n<li><strong>Konieczny Krzysztof 00:58,87<\/strong><\/li>\n<li><strong>Weso\u0142owski Wojciech 00:59,30<\/strong><\/li>\n<li><strong>Glapiak Filip 01:00,36<\/strong><\/li>\n<li><strong>Szwajkowski Micha\u0142 01:05,41<\/strong><\/li>\n<li><strong>Adamczak Dawid 01:11,00<\/strong><\/li>\n<li><strong>Tomczyk Filip 01:12,36<\/strong><\/li>\n<li><strong>Don Roman 01:13,23<\/strong><\/li>\n<\/ol>\n<p><strong>\u00a0<\/strong><\/p>\n<p><strong>\u00a0<\/strong><\/p>\n<p><strong>\u00a0<\/strong><\/p>\n","protected":false},"excerpt":{"rendered":"<p>1 klasa dziewcz\u0119ta \u2013\u00a025m nn na grzbiecie Weso\u0142owska Katarzyna 00:29,07 Czerwi\u0144ska Joanna 00:30,10 Stefanowicz Zofia 00:33,50 Miroshnyk Anna 00:33,56 K\u0142osowska Maria 00:35,60 Krawczyk Zuzanna 00:36,02 Lijewska Zuzanna\u00a0\u00a0\u00a0\u00a0\u00a0\u00a0\u00a0\u00a0\u00a0\u00a0\u00a0\u00a0\u00a0\u00a0 00:36,87 S\u0142owicka Natalia 00:38,29 Schmidte Lena 00:38,65 Savchyshyna Polina 00:38,70 Konieczna Liliana 00:39,50 Lewandowska Olga 00:39,80 Binkowska Maja 00:39,97 Koc Kalina 00:42,60 Zakrzewska &hellip;<\/p>\n","protected":false},"author":1,"featured_media":0,"comment_status":"closed","ping_status":"open","sticky":false,"template":"","format":"standard","meta":{"footnotes":""},"categories":[2,9,8,4],"tags":[],"class_list":["post-872","post","type-post","status-publish","format-standard","hentry","category-aktualnosci","category-plywanie","category-sekcje-sportowe","category-szkola-podstawowa"],"_links":{"self":[{"href":"https:\/\/szkolapodlipami.pl\/index.php?rest_route=\/wp\/v2\/posts\/872","targetHints":{"allow":["GET"]}}],"collection":[{"href":"https:\/\/szkolapodlipami.pl\/index.php?rest_route=\/wp\/v2\/posts"}],"about":[{"href":"https:\/\/szkolapodlipami.pl\/index.php?rest_route=\/wp\/v2\/types\/post"}],"author":[{"embeddable":true,"href":"https:\/\/szkolapodlipami.pl\/index.php?rest_route=\/wp\/v2\/users\/1"}],"replies":[{"embeddable":true,"href":"https:\/\/szkolapodlipami.pl\/index.php?rest_route=%2Fwp%2Fv2%2Fcomments&post=872"}],"version-history":[{"count":1,"href":"https:\/\/szkolapodlipami.pl\/index.php?rest_route=\/wp\/v2\/posts\/872\/revisions"}],"predecessor-version":[{"id":873,"href":"https:\/\/szkolapodlipami.pl\/index.php?rest_route=\/wp\/v2\/posts\/872\/revisions\/873"}],"wp:attachment":[{"href":"https:\/\/szkolapodlipami.pl\/index.php?rest_route=%2Fwp%2Fv2%2Fmedia&parent=872"}],"wp:term":[{"taxonomy":"category","embeddable":true,"href":"https:\/\/szkolapodlipami.pl\/index.php?rest_route=%2Fwp%2Fv2%2Fcategories&post=872"},{"taxonomy":"post_tag","embeddable":true,"href":"https:\/\/szkolapodlipami.pl\/index.php?rest_route=%2Fwp%2Fv2%2Ftags&post=872"}],"curies":[{"name":"wp","href":"https:\/\/api.w.org\/{rel}","templated":true}]}}