{"id":668,"date":"2020-09-06T16:32:57","date_gmt":"2020-09-06T14:32:57","guid":{"rendered":"http:\/\/szkolapodlipami.pl\/?p=668"},"modified":"2020-09-06T16:32:57","modified_gmt":"2020-09-06T14:32:57","slug":"popkulturalny-powrot-do-teatralnego-swiata","status":"publish","type":"post","link":"https:\/\/szkolapodlipami.pl\/?p=668","title":{"rendered":"\u201ePOPkulturalny\u201d powr\u00f3t do teatralnego \u015bwiata!"},"content":{"rendered":"<p>St\u0119skniona za teatrem zapraszam wszystkich ch\u0119tnych na spektakl <strong>\u201eKanapka z cz\u0142owiekiem\u201d<\/strong> sk\u0142adaj\u0105cy si\u0119 z piosenek Jacka Kaczmarskiego. Odb\u0119dzie si\u0119 on <strong>12 wrze\u015bnia o 19.30 w Teatrze Nowym<\/strong>.<\/p>\n<p><a href=\"https:\/\/teatrnowy.pl\/spektakle\/kanapka-z-czlowiekiem\/\">https:\/\/teatrnowy.pl\/spektakle\/kanapka-z-czlowiekiem\/<\/a><\/p>\n<p>Wa\u017cne! Podczas spektaklu\u00a0 mo\u017ce by\u0107 zaj\u0119te co drugie miejsce (nie mo\u017cna siedzie\u0107 obok siebie) oraz nale\u017cy mie\u0107 za\u0142o\u017con\u0105 maseczk\u0119. Prosz\u0119 to uwzgl\u0119dni\u0107 podczas rezerwacji bilet\u00f3w.<\/p>\n<p><strong>Wp\u0142ata 35 z\u0142otych do\u00a0 4 wrze\u015bnia!<\/strong> Zapisy u mnie \u2013 poprzez librus lub messenger.<\/p>\n<p>Zapraszam!<\/p>\n<p style=\"text-align: right;\">Katarzyna Szyszka<\/p>\n<p style=\"text-align: right;\">\u2013 opiekun ko\u0142a \u201ePOPkulturalne rozmowy\u2026\u201d<\/p>\n<p style=\"text-align: center;\"><img loading=\"lazy\" decoding=\"async\" class=\"aligncenter size-full wp-image-669\" src=\"https:\/\/szkolapodlipami.pl\/wp-content\/uploads\/2020\/09\/kanapka_z_czlowiekiem_11.jpg\" alt=\"\" width=\"1024\" height=\"683\" srcset=\"https:\/\/szkolapodlipami.pl\/wp-content\/uploads\/2020\/09\/kanapka_z_czlowiekiem_11.jpg 1024w, https:\/\/szkolapodlipami.pl\/wp-content\/uploads\/2020\/09\/kanapka_z_czlowiekiem_11-300x200.jpg 300w, https:\/\/szkolapodlipami.pl\/wp-content\/uploads\/2020\/09\/kanapka_z_czlowiekiem_11-768x512.jpg 768w, https:\/\/szkolapodlipami.pl\/wp-content\/uploads\/2020\/09\/kanapka_z_czlowiekiem_11-375x250.jpg 375w\" sizes=\"auto, (max-width: 1024px) 100vw, 1024px\" \/><\/p>\n","protected":false},"excerpt":{"rendered":"<p>St\u0119skniona za teatrem zapraszam wszystkich ch\u0119tnych na spektakl \u201eKanapka z cz\u0142owiekiem\u201d sk\u0142adaj\u0105cy si\u0119 z piosenek Jacka Kaczmarskiego. Odb\u0119dzie si\u0119 on 12 wrze\u015bnia o 19.30 w Teatrze Nowym. https:\/\/teatrnowy.pl\/spektakle\/kanapka-z-czlowiekiem\/ Wa\u017cne! Podczas spektaklu\u00a0 mo\u017ce by\u0107 zaj\u0119te co drugie miejsce (nie mo\u017cna siedzie\u0107 obok siebie) oraz nale\u017cy mie\u0107 za\u0142o\u017con\u0105 maseczk\u0119. Prosz\u0119 to uwzgl\u0119dni\u0107 &hellip;<\/p>\n","protected":false},"author":1,"featured_media":0,"comment_status":"closed","ping_status":"open","sticky":false,"template":"","format":"standard","meta":{"footnotes":""},"categories":[2,5,7,4],"tags":[],"class_list":["post-668","post","type-post","status-publish","format-standard","hentry","category-aktualnosci","category-liceum-sportowe","category-popkulturalne-rozmowy","category-szkola-podstawowa"],"_links":{"self":[{"href":"https:\/\/szkolapodlipami.pl\/index.php?rest_route=\/wp\/v2\/posts\/668","targetHints":{"allow":["GET"]}}],"collection":[{"href":"https:\/\/szkolapodlipami.pl\/index.php?rest_route=\/wp\/v2\/posts"}],"about":[{"href":"https:\/\/szkolapodlipami.pl\/index.php?rest_route=\/wp\/v2\/types\/post"}],"author":[{"embeddable":true,"href":"https:\/\/szkolapodlipami.pl\/index.php?rest_route=\/wp\/v2\/users\/1"}],"replies":[{"embeddable":true,"href":"https:\/\/szkolapodlipami.pl\/index.php?rest_route=%2Fwp%2Fv2%2Fcomments&post=668"}],"version-history":[{"count":1,"href":"https:\/\/szkolapodlipami.pl\/index.php?rest_route=\/wp\/v2\/posts\/668\/revisions"}],"predecessor-version":[{"id":670,"href":"https:\/\/szkolapodlipami.pl\/index.php?rest_route=\/wp\/v2\/posts\/668\/revisions\/670"}],"wp:attachment":[{"href":"https:\/\/szkolapodlipami.pl\/index.php?rest_route=%2Fwp%2Fv2%2Fmedia&parent=668"}],"wp:term":[{"taxonomy":"category","embeddable":true,"href":"https:\/\/szkolapodlipami.pl\/index.php?rest_route=%2Fwp%2Fv2%2Fcategories&post=668"},{"taxonomy":"post_tag","embeddable":true,"href":"https:\/\/szkolapodlipami.pl\/index.php?rest_route=%2Fwp%2Fv2%2Ftags&post=668"}],"curies":[{"name":"wp","href":"https:\/\/api.w.org\/{rel}","templated":true}]}}