{"id":509,"date":"2020-04-08T14:43:51","date_gmt":"2020-04-08T12:43:51","guid":{"rendered":"http:\/\/szkolapodlipami.pl\/?p=509"},"modified":"2020-05-20T16:13:09","modified_gmt":"2020-05-20T14:13:09","slug":"rekrutacja-do-klas-pierwszych-szkoly-podstawowej-na-rok-szkolny-2020-21","status":"publish","type":"post","link":"https:\/\/szkolapodlipami.pl\/?p=509","title":{"rendered":"REKRUTACJA DO KLAS PIERWSZYCH SZKO\u0141Y PODSTAWOWEJ  NA ROK SZKOLNY 2020\/21"},"content":{"rendered":"<p>Zgodnie z informacj\u0105 z Wydzia\u0142u O\u015bwiaty Urz\u0119du Miasta Poznania <strong>6 kwietnia<\/strong>\u00a0rozpoczyna si\u0119 nab\u00f3r do klas pierwszych szk\u00f3\u0142 podstawowych. Rodzice proszeni s\u0105, aby WNIOSKI o przyj\u0119cie dziecka i pozosta\u0142e dokumenty wype\u0142niali elektronicznie i wysy\u0142ali poprzez system:\u00a0 nab\u00f3r. Mo\u017cliwe wysy\u0142anie poczt\u0105 lub skanem do szko\u0142y pierwszego wyboru.<\/p>\n<p>W pierwszej kolejno\u015bci do pierwszej klasy przyjmowane s\u0105 dzieci z obwodu. Ci przyszli uczniowie nie podlegaj\u0105 rekrutacji. Nie zwalnia to jednak rodzic\u00f3w z konieczno\u015bci zapisu dziecka do szko\u0142y \u2013 nale\u017cy wype\u0142ni\u0107 ZG\u0141OSZENIE i w terminach rekrutacji przes\u0142a\u0107 mailem do szko\u0142y (szkolapodlipami@gmail.com\u00a0 )<\/p>\n<p>Dzieci, kt\u00f3rych rodzice zapisz\u0105 je do szko\u0142y poza miejscem zamieszkania, podlega\u0107 b\u0119d\u0105 procesowi rekrutacji.<\/p>\n<p>Wszystkie niezb\u0119dne dokumenty znajduj\u0105 si\u0119 na stronie\u00a0<a href=\"https:\/\/nabor.pcss.pl\/poznan\/\">https:\/\/nabor.pcss.pl\/poznan\/<\/a><\/p>\n<p>WA\u017bNE:\u00a0\u00a0 Z uwagi na aktualn\u0105 sytuacj\u0119 epidemiologiczn\u0105, rodzice proszeni s\u0105, aby zar\u00f3wno wnioski o przyj\u0119cie dziecka, jak i pozosta\u0142e dokumenty b\u0119d\u0105ce potwierdzeniem spe\u0142nionych kryteri\u00f3w dostarczyli do szko\u0142y:<br \/>\n\u2013 drog\u0105 elektroniczn\u0105 (skan podpisanego wniosku wraz z za\u0142\u0105cznikami) na adres:\u00a0<strong>szko\u0142apodlipami@gmail.com<\/strong><br \/>\n\u2013 poczt\u0105<\/p>\n<p>Wys\u0142anie skanu nie jest r\u00f3wnoznaczne ze z\u0142o\u017ceniem WNIOSKU \u2013 b\u0119dzie konieczno\u015b\u0107 dostarczenia do szko\u0142y orygina\u0142u dokument\u00f3w. Mo\u017cna to jednak b\u0119dzie zrobi\u0107 w p\u00f3\u017aniejszym terminie.<\/p>\n<p>Informacja o terminie dostarczenia orygina\u0142u wniosku b\u0119dzie podana przez Wydzia\u0142 O\u015bwiaty na stronach Miasta i NAB\u00d3R oraz na stronie internetowej szko\u0142y. Zale\u017cy to g\u0142\u00f3wnie od okresu zawieszenia zaj\u0119\u0107 w szko\u0142ach.<\/p>\n<p><strong>KRYTERIA NABORU<\/strong><\/p>\n<p>Dzieci, kt\u00f3rych rodzice zapisz\u0105 je do szko\u0142y poza miejscem zamieszkania, podlegaj\u0105 procesowi rekrutacji. W tym wypadku decydowa\u0107 b\u0119d\u0105 kryteria naboru:<\/p>\n<ul>\n<li>zamieszkanie kandydata na terenie Poznania \u2013 65 pkt.;<\/li>\n<li>ucz\u0119szczanie wcze\u015bniej do oddzia\u0142u przedszkolnego w danej szkole (kryterium stosuje si\u0119 r\u00f3wnie\u017c w odniesieniu do kandydat\u00f3w ucz\u0119szczaj\u0105cych do przedszkoli prowadzonych przez Miasto Pozna\u0144 maj\u0105cych siedzib\u0119 w budynku, w kt\u00f3rym mie\u015bci si\u0119 dana szko\u0142a podstawowa) \u2013 50 pkt.;<\/li>\n<li>rodze\u0144stwo kandydata uczy lub b\u0119dzie uczy\u0107 si\u0119 w tej samej plac\u00f3wce \u2013 30 pkt.;<\/li>\n<li>oboje rodzic\u00f3w lub opiekun\u00f3w p\u0142aci podatki w Poznaniu \u2013 80 pkt;<\/li>\n<li>wielodzietno\u015b\u0107 rodziny kandydata \u2013 10 pkt;<\/li>\n<li>wskazanie przez kandydata klasy integracyjnej \u2013 5 pkt.<\/li>\n<\/ul>\n<p>Rodzicom dzieci, kt\u00f3rzy nie dostali si\u0119 do wybranej plac\u00f3wki, przys\u0142uguje mo\u017cliwo\u015b\u0107 odwo\u0142ania \u2013 w terminie 7 dni od og\u0142oszenia listy kandydat\u00f3w przyj\u0119tych i nieprzyj\u0119tych.<\/p>\n<p>W przypadku klasy sportowej nie obowi\u0105zuje rejonizacja. Wniosek mo\u017ce z\u0142o\u017cy\u0107 ka\u017cdy, a o przyj\u0119ciu decydowa\u0107 b\u0119dzie test sprawno\u015bci.<\/p>\n<p><strong>HARMONOGRAM:<\/strong><\/p>\n<p>6 \u2013 27 kwietnia \u2013 sk\u0142adanie wniosk\u00f3w o przyj\u0119cie dziecka<br \/>\n15 \u2013 21 kwietnia \u2013 pr\u00f3by sprawno\u015bciowe dla kandydat\u00f3w, ubiegaj\u0105cych si\u0119 o przyj\u0119cie do klasy sportowej<br \/>\n24 kwietnia \u2013 wyniki pr\u00f3b sprawno\u015bciowych<br \/>\n8 maja \u2013 og\u0142oszenie listy zakwalifikowanych i niezakwalifikowanych<br \/>\n8 \u2013 12 maja \u2013 pisemne potwierdzenie woli zapisu dziecka<br \/>\n14 maja \u2013 og\u0142oszenie listy kandydat\u00f3w przyj\u0119tych i nieprzyj\u0119tych<\/p>\n<p>Uwaga! Terminy dotycz\u0105ce pr\u00f3b sprawno\u015bciowych mog\u0105 ulec zmianie z uwagi na zawieszenie zaj\u0119\u0107 w szko\u0142ach!<\/p>\n<p>Rekrutacj\u0119 uzupe\u0142niaj\u0105c\u0105 zaplanowano na 10-25 czerwca.<\/p>\n<p>Je\u017celi zajd\u0105 jakiekolwiek zmiany dotycz\u0105ce procedury rekrutacji rodzice zostan\u0105 o tym poinformowani.<\/p>\n<p>&nbsp;<\/p>\n","protected":false},"excerpt":{"rendered":"<p>Zgodnie z informacj\u0105 z Wydzia\u0142u O\u015bwiaty Urz\u0119du Miasta Poznania 6 kwietnia\u00a0rozpoczyna si\u0119 nab\u00f3r do klas pierwszych szk\u00f3\u0142 podstawowych. Rodzice proszeni s\u0105, aby WNIOSKI o przyj\u0119cie dziecka i pozosta\u0142e dokumenty wype\u0142niali elektronicznie i wysy\u0142ali poprzez system:\u00a0 nab\u00f3r. Mo\u017cliwe wysy\u0142anie poczt\u0105 lub skanem do szko\u0142y pierwszego wyboru. W pierwszej kolejno\u015bci do pierwszej &hellip;<\/p>\n","protected":false},"author":1,"featured_media":0,"comment_status":"closed","ping_status":"open","sticky":false,"template":"","format":"standard","meta":{"footnotes":""},"categories":[2],"tags":[],"class_list":["post-509","post","type-post","status-publish","format-standard","hentry","category-aktualnosci"],"_links":{"self":[{"href":"https:\/\/szkolapodlipami.pl\/index.php?rest_route=\/wp\/v2\/posts\/509","targetHints":{"allow":["GET"]}}],"collection":[{"href":"https:\/\/szkolapodlipami.pl\/index.php?rest_route=\/wp\/v2\/posts"}],"about":[{"href":"https:\/\/szkolapodlipami.pl\/index.php?rest_route=\/wp\/v2\/types\/post"}],"author":[{"embeddable":true,"href":"https:\/\/szkolapodlipami.pl\/index.php?rest_route=\/wp\/v2\/users\/1"}],"replies":[{"embeddable":true,"href":"https:\/\/szkolapodlipami.pl\/index.php?rest_route=%2Fwp%2Fv2%2Fcomments&post=509"}],"version-history":[{"count":3,"href":"https:\/\/szkolapodlipami.pl\/index.php?rest_route=\/wp\/v2\/posts\/509\/revisions"}],"predecessor-version":[{"id":512,"href":"https:\/\/szkolapodlipami.pl\/index.php?rest_route=\/wp\/v2\/posts\/509\/revisions\/512"}],"wp:attachment":[{"href":"https:\/\/szkolapodlipami.pl\/index.php?rest_route=%2Fwp%2Fv2%2Fmedia&parent=509"}],"wp:term":[{"taxonomy":"category","embeddable":true,"href":"https:\/\/szkolapodlipami.pl\/index.php?rest_route=%2Fwp%2Fv2%2Fcategories&post=509"},{"taxonomy":"post_tag","embeddable":true,"href":"https:\/\/szkolapodlipami.pl\/index.php?rest_route=%2Fwp%2Fv2%2Ftags&post=509"}],"curies":[{"name":"wp","href":"https:\/\/api.w.org\/{rel}","templated":true}]}}