{"id":479,"date":"2020-03-10T14:38:21","date_gmt":"2020-03-10T13:38:21","guid":{"rendered":"http:\/\/szkolapodlipami.pl\/?p=479"},"modified":"2020-04-16T12:06:30","modified_gmt":"2020-04-16T10:06:30","slug":"komunikat-7","status":"publish","type":"post","link":"https:\/\/szkolapodlipami.pl\/?p=479","title":{"rendered":"Komunikat"},"content":{"rendered":"<p>W zwi\u0105zku z zaleceniami Prezydenta Miasta Poznania szko\u0142a zawiesza zaj\u0119cia od \u015brody 11 marca 2020 r. na okres 2 tygodni (do 24 marca w\u0142\u0105cznie).<\/p>\n<p>Dzia\u0142anie ma na celu minimalizowanie rozprzestrzeniania si\u0119 koronawirusa.<\/p>\n<p>Szczeg\u00f3\u0142owe informacje dla nauczycieli zosta\u0142y zamieszczone w dzienniku elektronicznym.<\/p>\n<p>W zwi\u0105zku z zawieszeniem zaj\u0119\u0107 szko\u0142y odwo\u0142ane zostaj\u0105 Drzwi Otwarte Sportowej Szko\u0142y Podstawowej nr 29.<\/p>\n<p>Rekrutacja do klas pierwszych zaczyna si\u0119 od 6 kwietnia 2020.<\/p>\n<p>&nbsp;<\/p>\n","protected":false},"excerpt":{"rendered":"<p>W zwi\u0105zku z zaleceniami Prezydenta Miasta Poznania szko\u0142a zawiesza zaj\u0119cia od \u015brody 11 marca 2020 r. na okres 2 tygodni (do 24 marca w\u0142\u0105cznie). Dzia\u0142anie ma na celu minimalizowanie rozprzestrzeniania si\u0119 koronawirusa. Szczeg\u00f3\u0142owe informacje dla nauczycieli zosta\u0142y zamieszczone w dzienniku elektronicznym. W zwi\u0105zku z zawieszeniem zaj\u0119\u0107 szko\u0142y odwo\u0142ane zostaj\u0105 Drzwi &hellip;<\/p>\n","protected":false},"author":1,"featured_media":0,"comment_status":"closed","ping_status":"open","sticky":false,"template":"","format":"standard","meta":{"footnotes":""},"categories":[2],"tags":[],"class_list":["post-479","post","type-post","status-publish","format-standard","hentry","category-aktualnosci"],"_links":{"self":[{"href":"https:\/\/szkolapodlipami.pl\/index.php?rest_route=\/wp\/v2\/posts\/479","targetHints":{"allow":["GET"]}}],"collection":[{"href":"https:\/\/szkolapodlipami.pl\/index.php?rest_route=\/wp\/v2\/posts"}],"about":[{"href":"https:\/\/szkolapodlipami.pl\/index.php?rest_route=\/wp\/v2\/types\/post"}],"author":[{"embeddable":true,"href":"https:\/\/szkolapodlipami.pl\/index.php?rest_route=\/wp\/v2\/users\/1"}],"replies":[{"embeddable":true,"href":"https:\/\/szkolapodlipami.pl\/index.php?rest_route=%2Fwp%2Fv2%2Fcomments&post=479"}],"version-history":[{"count":4,"href":"https:\/\/szkolapodlipami.pl\/index.php?rest_route=\/wp\/v2\/posts\/479\/revisions"}],"predecessor-version":[{"id":483,"href":"https:\/\/szkolapodlipami.pl\/index.php?rest_route=\/wp\/v2\/posts\/479\/revisions\/483"}],"wp:attachment":[{"href":"https:\/\/szkolapodlipami.pl\/index.php?rest_route=%2Fwp%2Fv2%2Fmedia&parent=479"}],"wp:term":[{"taxonomy":"category","embeddable":true,"href":"https:\/\/szkolapodlipami.pl\/index.php?rest_route=%2Fwp%2Fv2%2Fcategories&post=479"},{"taxonomy":"post_tag","embeddable":true,"href":"https:\/\/szkolapodlipami.pl\/index.php?rest_route=%2Fwp%2Fv2%2Ftags&post=479"}],"curies":[{"name":"wp","href":"https:\/\/api.w.org\/{rel}","templated":true}]}}