{"id":441,"date":"2020-02-20T18:59:26","date_gmt":"2020-02-20T17:59:26","guid":{"rendered":"http:\/\/szkolapodlipami.pl\/?p=441"},"modified":"2020-02-20T18:59:26","modified_gmt":"2020-02-20T17:59:26","slug":"dzien-wspolpracy-na-wydziale-ekonomiczno-spolecznym-uniwersytetu-przyrodniczego","status":"publish","type":"post","link":"https:\/\/szkolapodlipami.pl\/?p=441","title":{"rendered":"\u201eDzie\u0144 Wsp\u00f3\u0142pracy&#8221; na Wydziale Ekonomiczno-Spo\u0142ecznym Uniwersytetu Przyrodniczego"},"content":{"rendered":"<p>W dniu 12 lutego br. odby\u0142a si\u0119 V edycja &#8222;Dnia Wsp\u00f3\u0142pracy&#8221; na Wydziale Ekonomiczno-Spo\u0142ecznym Uniwersytetu Przyrodniczego.<\/p>\n<p>Do Budynku Biocentrum przyby\u0142y 24 szko\u0142y, kt\u00f3re podpisa\u0142y umow\u0119 partnersk\u0105 z Wydzia\u0142em E-S. Jak doskonale wiecie \u2013 <em><strong>nie mog\u0142o nas tam zabrakn\u0105\u0107<\/strong><\/em>!<\/p>\n<p>W ww. dniu, tym razem uczestniczyli uczniowie klasy IA oraz klasy IB Sportowego Liceum Og\u00f3lnokszta\u0142c\u0105cego wraz z wychowawcami \u2013p. Dorot\u0105 Makowsk\u0105 oraz p. Ryszardem Pemper\u0105.<\/p>\n<p>Otwarcia dokona\u0142 <strong>prof. dr hab. Walenty Poczta \u2013 dziekan Wydzia\u0142u<\/strong>, kt\u00f3ry przedstawi\u0142 syntetycznie najwa\u017cniejsze informacje o Wydziale i atutach absolwent\u00f3w WE-S na rynku pracy.<\/p>\n<p>W programie by\u0142y m.in. wyk\u0142ady (&#8222;Studiujesz-praktykuj i rozwijaj kompetencje&#8221; , \u201eKr\u00f3tka historia o pieni\u0105dzu\u201d), warsztaty (\u201eKomunikacja-My\u015blenie-Podejmowanie decyzji\u201d, \u201eUbezpieczy\u0107 czy nie ubezpieczy\u0107?- oto jest pytanie) oraz prezentacje Wydzia\u0142owych K\u00f3\u0142 Naukowych. Podczas Dnia Wsp\u00f3\u0142pracy, pod okiem nauczycieli akademickich oraz student\u00f3w z Wydzia\u0142u Ekonomiczno-Spo\u0142ecznego, uczniowie tak\u017ce zwiedzali Kampus Uniwersytetu Przyrodniczego w Poznaniu.<\/p>\n<p><strong>Dzie\u0144 Wsp\u00f3\u0142pracy to projekt<\/strong>, kt\u00f3ry pozwala na popularyzacj\u0119 wiedzy ekonomicznej, podnoszenie \u015bwiadomo\u015bci gospodarczej m\u0142odzie\u017cy szkolnej oraz promocj\u0119 studi\u00f3w ekonomicznych.<\/p>\n<p>Dzi\u0119ki temu spotkaniu m\u0142odzi\u00a0 ludzie mogli zapozna\u0107 si\u0119 z ofert\u0105 Uniwersytetu Przyrodniczego, poczu\u0107 jego klimat, pozna\u0107, by\u0107 mo\u017ce, przysz\u0142ych wyk\u0142adowc\u00f3w:-)<\/p>\n<p style=\"text-align: right;\">Anna Chwedoruk \u2013<\/p>\n<p style=\"text-align: right;\">koordynator wsp\u00f3\u0142pracy z W E-S UP<\/p>\n<p style=\"text-align: center;\"><img loading=\"lazy\" decoding=\"async\" class=\"aligncenter size-full wp-image-442\" src=\"https:\/\/szkolapodlipami.pl\/wp-content\/uploads\/2020\/02\/dwsp1.jpg\" alt=\"\" width=\"700\" height=\"525\" srcset=\"https:\/\/szkolapodlipami.pl\/wp-content\/uploads\/2020\/02\/dwsp1.jpg 700w, https:\/\/szkolapodlipami.pl\/wp-content\/uploads\/2020\/02\/dwsp1-300x225.jpg 300w, https:\/\/szkolapodlipami.pl\/wp-content\/uploads\/2020\/02\/dwsp1-333x250.jpg 333w\" sizes=\"auto, (max-width: 700px) 100vw, 700px\" \/> <img loading=\"lazy\" decoding=\"async\" class=\"aligncenter size-large wp-image-443\" src=\"https:\/\/szkolapodlipami.pl\/wp-content\/uploads\/2020\/02\/dwsp2.jpg\" alt=\"\" width=\"700\" height=\"486\" srcset=\"https:\/\/szkolapodlipami.pl\/wp-content\/uploads\/2020\/02\/dwsp2.jpg 700w, https:\/\/szkolapodlipami.pl\/wp-content\/uploads\/2020\/02\/dwsp2-300x208.jpg 300w, https:\/\/szkolapodlipami.pl\/wp-content\/uploads\/2020\/02\/dwsp2-360x250.jpg 360w\" sizes=\"auto, (max-width: 700px) 100vw, 700px\" \/> <img loading=\"lazy\" decoding=\"async\" class=\"aligncenter size-large wp-image-444\" src=\"https:\/\/szkolapodlipami.pl\/wp-content\/uploads\/2020\/02\/dwsp3.jpg\" alt=\"\" width=\"700\" height=\"525\" srcset=\"https:\/\/szkolapodlipami.pl\/wp-content\/uploads\/2020\/02\/dwsp3.jpg 700w, https:\/\/szkolapodlipami.pl\/wp-content\/uploads\/2020\/02\/dwsp3-300x225.jpg 300w, https:\/\/szkolapodlipami.pl\/wp-content\/uploads\/2020\/02\/dwsp3-333x250.jpg 333w\" sizes=\"auto, (max-width: 700px) 100vw, 700px\" \/> <img loading=\"lazy\" decoding=\"async\" class=\"aligncenter size-large wp-image-445\" src=\"https:\/\/szkolapodlipami.pl\/wp-content\/uploads\/2020\/02\/dwsp4.jpg\" alt=\"\" width=\"700\" height=\"525\" srcset=\"https:\/\/szkolapodlipami.pl\/wp-content\/uploads\/2020\/02\/dwsp4.jpg 700w, https:\/\/szkolapodlipami.pl\/wp-content\/uploads\/2020\/02\/dwsp4-300x225.jpg 300w, https:\/\/szkolapodlipami.pl\/wp-content\/uploads\/2020\/02\/dwsp4-333x250.jpg 333w\" sizes=\"auto, (max-width: 700px) 100vw, 700px\" \/> <img loading=\"lazy\" decoding=\"async\" class=\"aligncenter size-large wp-image-446\" src=\"https:\/\/szkolapodlipami.pl\/wp-content\/uploads\/2020\/02\/dwsp5.jpg\" alt=\"\" width=\"700\" height=\"525\" srcset=\"https:\/\/szkolapodlipami.pl\/wp-content\/uploads\/2020\/02\/dwsp5.jpg 700w, https:\/\/szkolapodlipami.pl\/wp-content\/uploads\/2020\/02\/dwsp5-300x225.jpg 300w, https:\/\/szkolapodlipami.pl\/wp-content\/uploads\/2020\/02\/dwsp5-333x250.jpg 333w\" sizes=\"auto, (max-width: 700px) 100vw, 700px\" \/> <img loading=\"lazy\" decoding=\"async\" class=\"aligncenter size-large wp-image-447\" src=\"https:\/\/szkolapodlipami.pl\/wp-content\/uploads\/2020\/02\/dwsp6.jpg\" alt=\"\" width=\"525\" height=\"700\" srcset=\"https:\/\/szkolapodlipami.pl\/wp-content\/uploads\/2020\/02\/dwsp6.jpg 525w, https:\/\/szkolapodlipami.pl\/wp-content\/uploads\/2020\/02\/dwsp6-225x300.jpg 225w, https:\/\/szkolapodlipami.pl\/wp-content\/uploads\/2020\/02\/dwsp6-188x250.jpg 188w\" sizes=\"auto, (max-width: 525px) 100vw, 525px\" \/><\/p>\n","protected":false},"excerpt":{"rendered":"<p>W dniu 12 lutego br. odby\u0142a si\u0119 V edycja &#8222;Dnia Wsp\u00f3\u0142pracy&#8221; na Wydziale Ekonomiczno-Spo\u0142ecznym Uniwersytetu Przyrodniczego. Do Budynku Biocentrum przyby\u0142y 24 szko\u0142y, kt\u00f3re podpisa\u0142y umow\u0119 partnersk\u0105 z Wydzia\u0142em E-S. Jak doskonale wiecie \u2013 nie mog\u0142o nas tam zabrakn\u0105\u0107! W ww. dniu, tym razem uczestniczyli uczniowie klasy IA oraz klasy IB &hellip;<\/p>\n","protected":false},"author":1,"featured_media":0,"comment_status":"closed","ping_status":"open","sticky":false,"template":"","format":"standard","meta":{"footnotes":""},"categories":[2,5],"tags":[],"class_list":["post-441","post","type-post","status-publish","format-standard","hentry","category-aktualnosci","category-liceum-sportowe"],"_links":{"self":[{"href":"https:\/\/szkolapodlipami.pl\/index.php?rest_route=\/wp\/v2\/posts\/441","targetHints":{"allow":["GET"]}}],"collection":[{"href":"https:\/\/szkolapodlipami.pl\/index.php?rest_route=\/wp\/v2\/posts"}],"about":[{"href":"https:\/\/szkolapodlipami.pl\/index.php?rest_route=\/wp\/v2\/types\/post"}],"author":[{"embeddable":true,"href":"https:\/\/szkolapodlipami.pl\/index.php?rest_route=\/wp\/v2\/users\/1"}],"replies":[{"embeddable":true,"href":"https:\/\/szkolapodlipami.pl\/index.php?rest_route=%2Fwp%2Fv2%2Fcomments&post=441"}],"version-history":[{"count":1,"href":"https:\/\/szkolapodlipami.pl\/index.php?rest_route=\/wp\/v2\/posts\/441\/revisions"}],"predecessor-version":[{"id":448,"href":"https:\/\/szkolapodlipami.pl\/index.php?rest_route=\/wp\/v2\/posts\/441\/revisions\/448"}],"wp:attachment":[{"href":"https:\/\/szkolapodlipami.pl\/index.php?rest_route=%2Fwp%2Fv2%2Fmedia&parent=441"}],"wp:term":[{"taxonomy":"category","embeddable":true,"href":"https:\/\/szkolapodlipami.pl\/index.php?rest_route=%2Fwp%2Fv2%2Fcategories&post=441"},{"taxonomy":"post_tag","embeddable":true,"href":"https:\/\/szkolapodlipami.pl\/index.php?rest_route=%2Fwp%2Fv2%2Ftags&post=441"}],"curies":[{"name":"wp","href":"https:\/\/api.w.org\/{rel}","templated":true}]}}