{"id":408,"date":"2020-01-28T11:48:31","date_gmt":"2020-01-28T10:48:31","guid":{"rendered":"http:\/\/szkolapodlipami.pl\/?p=408"},"modified":"2020-02-01T14:52:31","modified_gmt":"2020-02-01T13:52:31","slug":"wielkie-swieto-naszej-szkoly","status":"publish","type":"post","link":"https:\/\/szkolapodlipami.pl\/?p=408","title":{"rendered":"Wielkie \u015bwi\u0119to naszej szko\u0142y"},"content":{"rendered":"<p>50 lat &#8211; tyle liczy nasza szko\u0142a \u2013 Sportowa Szko\u0142a Podstawowa nr 29 w Poznaniu.<\/p>\n<p>24 stycznia w auli Akademii Wychowania Fizycznego odby\u0142a si\u0119 uroczysta gala podsumowuj\u0105ca jubileuszowe obchody. Sala p\u0119ka\u0142a w szwach \u2013 z zaproszenia skorzysta\u0142a m.in. Wielkopolska Kurator O\u015bwiaty \u2013 p. El\u017cbieta Leszczy\u0144ska, zast\u0119pca Prezydenta Miasta Poznania p. Mariusz Wi\u015bniewski, przedstawiciele Wydzia\u0142u O\u015bwiaty, radni miasta oraz prezes klubu Posnania \u2013 p. Waldemar Witkowski. Na widowni zasiedli przedstawiciele wsp\u00f3\u0142pracuj\u0105cych z nami uniwersytet\u00f3w, emerytowani pracownicy szko\u0142y, absolwenci oraz obecni nauczyciele, uczniowie i rodzice.<\/p>\n<p>Podczas gali nie zabrak\u0142o wspomnie\u0144, chwil wzruszenia, podsumowania dotychczasowych dokona\u0144. By\u0142a to te\u017c okazja do nagrodzenia wyr\u00f3\u017cniaj\u0105cych si\u0119 nauczycieli.<\/p>\n<p>Wa\u017cnym momentem by\u0142o przyznanie, zapocz\u0105tkowanych przez pani\u0105 dyrektor Danut\u0119 Miko\u0142ajczak, kolejnych dw\u00f3ch tytu\u0142\u00f3w OSOBOWO\u015aCI SZKO\u0141Y. Jednym z nagrodzonych zosta\u0142 p. Kazimierz Niewitecki &#8211; za\u0142o\u017cyciel sekcji p\u0142ywackiej KS POSNANIA w 1976 roku. Drug\u0105 statuetk\u0119 otrzyma\u0142 Kacper Majchrzak &#8211; polski p\u0142ywak specjalizuj\u0105cy si\u0119 w stylu dowolnym, br\u0105zowy medalista mistrzostw Europy, uczestnik Letnich Igrzysk Olimpijskich 2012 oraz Letnich Igrzysk Olimpijskich 2016 oraz rekordzista Polski na dystansie 100 i 200 m stylem dowolnym. Przygod\u0119 z p\u0142ywaniem rozpocz\u0105\u0142 w wieku 7 lat w Klubie Sportowym Posnania pod okiem trenera Grzegorza P\u0142\u00f3ciniaka. Kacper nie m\u00f3g\u0142 osobi\u015bcie odebra\u0107 nagrody (zrobi\u0142a to za niego babcia &#8211; p. Krystyna Przybylska), ale przes\u0142a\u0142 pozdrowienia z gor\u0105cej Florydy.<\/p>\n<p>Ponadto statuetki \u201ePrzyjaciela szko\u0142y\u201d otrzymali: prof. UAM Aneta Grodecka,<br \/>\np. Mariusz Wi\u015bniewski \u2013 zast\u0119pca prezydenta Miasta Poznania, p. Waldemar Witkowski &#8211;\u00a0\u00a0 prezes Klubu Posnania, p. Dariusz Olejniczak \u2013 cz\u0142onek Rady Osiedla Winogrady Po\u0142udnie oraz p. Ewa B\u0105k \u2013 dyrektor Wydzia\u0142u Sportu.<\/p>\n<p>Podczas uroczysto\u015bci premier\u0119 mia\u0142 specjalnie przygotowany na jubileusz film o szkole, a swoje \u017cyczenia przes\u0142ali nasi zagraniczni partnerzy w ramach programu Erasmus +.<\/p>\n<p>Cz\u0119\u015b\u0107 artystyczna by\u0142a bardzo r\u00f3\u017cnorodna \u2013 spokojny taniec do muzyki Piotra Czajkowskiego, Niko\u0142aja\u00a0 Rimsiego \u2013 Korsakowa i Johanna Starussa zaprezentowali najm\u0142odsi uczniowie, energetyczny mix ta\u0144c\u00f3w latynoameryka\u0144skich wykona\u0142a licealistka Weronika Muszy\u0144ska, a nostalgiczny utw\u00f3r \u201eMemory\u201d za\u015bpiewa\u0142a Kamila Kleszczewska z 7c. Ponadto mogli\u015bmy obejrze\u0107 wyst\u0119p dzieci w strojach ludowych, energiczny taniec pocz\u0105tkuj\u0105cego \u201eTanecznego mixu\u201d oraz perfekcyjny wyst\u0119p nagrodzonego Srebrnym Aplauzem na Mi\u0119dzynarodowym Dzieci\u0119cym Festiwalu Piosenki i Ta\u0144ca w Koninie w 2019 roku zespo\u0142u Lemonada.<\/p>\n<p>Po oficjalnej cz\u0119\u015bci by\u0142 czas na rozmowy, wspomnienia, wzruszenia, wpis do Kroniki b\u0119d\u0105cej jednocze\u015bnie Ksi\u0119g\u0105 Pami\u0105tkow\u0105 uroczysto\u015bci. Magia tego dnia trwa\u0142a bardzo d\u0142ugo\u2026<\/p>\n<p>SSP 29 mia\u0142a naprawd\u0119 godne urodziny!<\/p>\n<p style=\"text-align: right;\">Katarzyna Szyszka<\/p>\n<p style=\"text-align: center;\"><img loading=\"lazy\" decoding=\"async\" class=\"aligncenter size-full wp-image-410\" src=\"https:\/\/szkolapodlipami.pl\/wp-content\/uploads\/2020\/01\/g1.jpg\" alt=\"\" width=\"800\" height=\"379\" srcset=\"https:\/\/szkolapodlipami.pl\/wp-content\/uploads\/2020\/01\/g1.jpg 800w, https:\/\/szkolapodlipami.pl\/wp-content\/uploads\/2020\/01\/g1-300x142.jpg 300w, https:\/\/szkolapodlipami.pl\/wp-content\/uploads\/2020\/01\/g1-768x364.jpg 768w, https:\/\/szkolapodlipami.pl\/wp-content\/uploads\/2020\/01\/g1-430x204.jpg 430w\" sizes=\"auto, (max-width: 800px) 100vw, 800px\" \/> <img loading=\"lazy\" decoding=\"async\" class=\"aligncenter size-large wp-image-411\" src=\"https:\/\/szkolapodlipami.pl\/wp-content\/uploads\/2020\/01\/g2.jpg\" alt=\"\" width=\"731\" height=\"731\" srcset=\"https:\/\/szkolapodlipami.pl\/wp-content\/uploads\/2020\/01\/g2.jpg 800w, https:\/\/szkolapodlipami.pl\/wp-content\/uploads\/2020\/01\/g2-150x150.jpg 150w, https:\/\/szkolapodlipami.pl\/wp-content\/uploads\/2020\/01\/g2-300x300.jpg 300w, https:\/\/szkolapodlipami.pl\/wp-content\/uploads\/2020\/01\/g2-768x768.jpg 768w, https:\/\/szkolapodlipami.pl\/wp-content\/uploads\/2020\/01\/g2-250x250.jpg 250w\" sizes=\"auto, (max-width: 731px) 100vw, 731px\" \/><\/p>\n<figure id=\"attachment_412\" aria-describedby=\"caption-attachment-412\" style=\"width: 731px\" class=\"wp-caption aligncenter\"><img loading=\"lazy\" decoding=\"async\" class=\"size-large wp-image-412\" src=\"https:\/\/szkolapodlipami.pl\/wp-content\/uploads\/2020\/01\/IMG_20200124_110523.jpg\" alt=\"\" width=\"731\" height=\"548\" srcset=\"https:\/\/szkolapodlipami.pl\/wp-content\/uploads\/2020\/01\/IMG_20200124_110523.jpg 800w, https:\/\/szkolapodlipami.pl\/wp-content\/uploads\/2020\/01\/IMG_20200124_110523-300x225.jpg 300w, https:\/\/szkolapodlipami.pl\/wp-content\/uploads\/2020\/01\/IMG_20200124_110523-768x576.jpg 768w, https:\/\/szkolapodlipami.pl\/wp-content\/uploads\/2020\/01\/IMG_20200124_110523-333x250.jpg 333w\" sizes=\"auto, (max-width: 731px) 100vw, 731px\" \/><figcaption id=\"caption-attachment-412\" class=\"wp-caption-text\">burst<\/figcaption><\/figure>\n<p style=\"text-align: center;\"><img loading=\"lazy\" decoding=\"async\" class=\"aligncenter size-large wp-image-413\" src=\"https:\/\/szkolapodlipami.pl\/wp-content\/uploads\/2020\/01\/IMG_20200124_110533.jpg\" alt=\"\" width=\"731\" height=\"548\" srcset=\"https:\/\/szkolapodlipami.pl\/wp-content\/uploads\/2020\/01\/IMG_20200124_110533.jpg 800w, https:\/\/szkolapodlipami.pl\/wp-content\/uploads\/2020\/01\/IMG_20200124_110533-300x225.jpg 300w, https:\/\/szkolapodlipami.pl\/wp-content\/uploads\/2020\/01\/IMG_20200124_110533-768x576.jpg 768w, https:\/\/szkolapodlipami.pl\/wp-content\/uploads\/2020\/01\/IMG_20200124_110533-333x250.jpg 333w\" sizes=\"auto, (max-width: 731px) 100vw, 731px\" \/> <img loading=\"lazy\" decoding=\"async\" class=\"aligncenter size-large wp-image-414\" src=\"https:\/\/szkolapodlipami.pl\/wp-content\/uploads\/2020\/01\/IMG_20200124_113455.jpg\" alt=\"\" width=\"731\" height=\"548\" srcset=\"https:\/\/szkolapodlipami.pl\/wp-content\/uploads\/2020\/01\/IMG_20200124_113455.jpg 800w, https:\/\/szkolapodlipami.pl\/wp-content\/uploads\/2020\/01\/IMG_20200124_113455-300x225.jpg 300w, https:\/\/szkolapodlipami.pl\/wp-content\/uploads\/2020\/01\/IMG_20200124_113455-768x576.jpg 768w, https:\/\/szkolapodlipami.pl\/wp-content\/uploads\/2020\/01\/IMG_20200124_113455-333x250.jpg 333w\" sizes=\"auto, (max-width: 731px) 100vw, 731px\" \/> <img loading=\"lazy\" decoding=\"async\" class=\"aligncenter size-large wp-image-415\" src=\"https:\/\/szkolapodlipami.pl\/wp-content\/uploads\/2020\/01\/IMG_20200124_113546.jpg\" alt=\"\" width=\"731\" height=\"548\" srcset=\"https:\/\/szkolapodlipami.pl\/wp-content\/uploads\/2020\/01\/IMG_20200124_113546.jpg 800w, https:\/\/szkolapodlipami.pl\/wp-content\/uploads\/2020\/01\/IMG_20200124_113546-300x225.jpg 300w, https:\/\/szkolapodlipami.pl\/wp-content\/uploads\/2020\/01\/IMG_20200124_113546-768x576.jpg 768w, https:\/\/szkolapodlipami.pl\/wp-content\/uploads\/2020\/01\/IMG_20200124_113546-333x250.jpg 333w\" sizes=\"auto, (max-width: 731px) 100vw, 731px\" \/><\/p>\n","protected":false},"excerpt":{"rendered":"<p>50 lat &#8211; tyle liczy nasza szko\u0142a \u2013 Sportowa Szko\u0142a Podstawowa nr 29 w Poznaniu. 24 stycznia w auli Akademii Wychowania Fizycznego odby\u0142a si\u0119 uroczysta gala podsumowuj\u0105ca jubileuszowe obchody. Sala p\u0119ka\u0142a w szwach \u2013 z zaproszenia skorzysta\u0142a m.in. Wielkopolska Kurator O\u015bwiaty \u2013 p. El\u017cbieta Leszczy\u0144ska, zast\u0119pca Prezydenta Miasta Poznania p. &hellip;<\/p>\n","protected":false},"author":1,"featured_media":0,"comment_status":"closed","ping_status":"open","sticky":false,"template":"","format":"standard","meta":{"footnotes":""},"categories":[2],"tags":[],"class_list":["post-408","post","type-post","status-publish","format-standard","hentry","category-aktualnosci"],"_links":{"self":[{"href":"https:\/\/szkolapodlipami.pl\/index.php?rest_route=\/wp\/v2\/posts\/408","targetHints":{"allow":["GET"]}}],"collection":[{"href":"https:\/\/szkolapodlipami.pl\/index.php?rest_route=\/wp\/v2\/posts"}],"about":[{"href":"https:\/\/szkolapodlipami.pl\/index.php?rest_route=\/wp\/v2\/types\/post"}],"author":[{"embeddable":true,"href":"https:\/\/szkolapodlipami.pl\/index.php?rest_route=\/wp\/v2\/users\/1"}],"replies":[{"embeddable":true,"href":"https:\/\/szkolapodlipami.pl\/index.php?rest_route=%2Fwp%2Fv2%2Fcomments&post=408"}],"version-history":[{"count":5,"href":"https:\/\/szkolapodlipami.pl\/index.php?rest_route=\/wp\/v2\/posts\/408\/revisions"}],"predecessor-version":[{"id":430,"href":"https:\/\/szkolapodlipami.pl\/index.php?rest_route=\/wp\/v2\/posts\/408\/revisions\/430"}],"wp:attachment":[{"href":"https:\/\/szkolapodlipami.pl\/index.php?rest_route=%2Fwp%2Fv2%2Fmedia&parent=408"}],"wp:term":[{"taxonomy":"category","embeddable":true,"href":"https:\/\/szkolapodlipami.pl\/index.php?rest_route=%2Fwp%2Fv2%2Fcategories&post=408"},{"taxonomy":"post_tag","embeddable":true,"href":"https:\/\/szkolapodlipami.pl\/index.php?rest_route=%2Fwp%2Fv2%2Ftags&post=408"}],"curies":[{"name":"wp","href":"https:\/\/api.w.org\/{rel}","templated":true}]}}