{"id":397,"date":"2020-01-12T21:42:16","date_gmt":"2020-01-12T20:42:16","guid":{"rendered":"http:\/\/szkolapodlipami.pl\/?p=397"},"modified":"2020-01-12T21:42:16","modified_gmt":"2020-01-12T20:42:16","slug":"trzecioklasisci-zawitali-z-koleda-u-swoich-mlodszych-kolegow-i-kolezanek","status":"publish","type":"post","link":"https:\/\/szkolapodlipami.pl\/?p=397","title":{"rendered":"Trzecioklasi\u015bci zawitali z kol\u0119d\u0105 u swoich m\u0142odszych koleg\u00f3w i kole\u017canek."},"content":{"rendered":"<p>Dnia 10 stycznia 2020 klasa 3b kol\u0119dowala w pobliskich przedszkolach. Trzecioklasi\u015bci zawitali z kol\u0119d\u0105 u swoich m\u0142odszych koleg\u00f3w i kole\u017canek. Z\u0142o\u017cyli najlepsze \u017cyczenia na rok 2020 wszystkim pracownikom oraz dzieciom.<\/p>\n<p style=\"text-align: center;\"><img loading=\"lazy\" decoding=\"async\" class=\"aligncenter size-full wp-image-398\" src=\"https:\/\/szkolapodlipami.pl\/wp-content\/uploads\/2020\/01\/koledd.jpg\" alt=\"\" width=\"600\" height=\"450\" srcset=\"https:\/\/szkolapodlipami.pl\/wp-content\/uploads\/2020\/01\/koledd.jpg 600w, https:\/\/szkolapodlipami.pl\/wp-content\/uploads\/2020\/01\/koledd-300x225.jpg 300w, https:\/\/szkolapodlipami.pl\/wp-content\/uploads\/2020\/01\/koledd-333x250.jpg 333w\" sizes=\"auto, (max-width: 600px) 100vw, 600px\" \/><\/p>\n","protected":false},"excerpt":{"rendered":"<p>Dnia 10 stycznia 2020 klasa 3b kol\u0119dowala w pobliskich przedszkolach. Trzecioklasi\u015bci zawitali z kol\u0119d\u0105 u swoich m\u0142odszych koleg\u00f3w i kole\u017canek. Z\u0142o\u017cyli najlepsze \u017cyczenia na rok 2020 wszystkim pracownikom oraz dzieciom.<\/p>\n","protected":false},"author":1,"featured_media":0,"comment_status":"closed","ping_status":"open","sticky":false,"template":"","format":"standard","meta":{"footnotes":""},"categories":[2,4],"tags":[],"class_list":["post-397","post","type-post","status-publish","format-standard","hentry","category-aktualnosci","category-szkola-podstawowa"],"_links":{"self":[{"href":"https:\/\/szkolapodlipami.pl\/index.php?rest_route=\/wp\/v2\/posts\/397","targetHints":{"allow":["GET"]}}],"collection":[{"href":"https:\/\/szkolapodlipami.pl\/index.php?rest_route=\/wp\/v2\/posts"}],"about":[{"href":"https:\/\/szkolapodlipami.pl\/index.php?rest_route=\/wp\/v2\/types\/post"}],"author":[{"embeddable":true,"href":"https:\/\/szkolapodlipami.pl\/index.php?rest_route=\/wp\/v2\/users\/1"}],"replies":[{"embeddable":true,"href":"https:\/\/szkolapodlipami.pl\/index.php?rest_route=%2Fwp%2Fv2%2Fcomments&post=397"}],"version-history":[{"count":1,"href":"https:\/\/szkolapodlipami.pl\/index.php?rest_route=\/wp\/v2\/posts\/397\/revisions"}],"predecessor-version":[{"id":399,"href":"https:\/\/szkolapodlipami.pl\/index.php?rest_route=\/wp\/v2\/posts\/397\/revisions\/399"}],"wp:attachment":[{"href":"https:\/\/szkolapodlipami.pl\/index.php?rest_route=%2Fwp%2Fv2%2Fmedia&parent=397"}],"wp:term":[{"taxonomy":"category","embeddable":true,"href":"https:\/\/szkolapodlipami.pl\/index.php?rest_route=%2Fwp%2Fv2%2Fcategories&post=397"},{"taxonomy":"post_tag","embeddable":true,"href":"https:\/\/szkolapodlipami.pl\/index.php?rest_route=%2Fwp%2Fv2%2Ftags&post=397"}],"curies":[{"name":"wp","href":"https:\/\/api.w.org\/{rel}","templated":true}]}}