{"id":322,"date":"2019-11-17T21:49:37","date_gmt":"2019-11-17T20:49:37","guid":{"rendered":"http:\/\/szkolapodlipami.pl\/?p=322"},"modified":"2019-11-17T21:49:37","modified_gmt":"2019-11-17T20:49:37","slug":"za-polska-listopadowy-spektakl-popkulturalnych-rozmow","status":"publish","type":"post","link":"https:\/\/szkolapodlipami.pl\/?p=322","title":{"rendered":"\u201eZa \u2013 Polska\u201d \u2013 listopadowy spektakl \u201ePOPkulturalnych rozm\u00f3w\u2026\u201d"},"content":{"rendered":"<p>To by\u0142 kolejny \u015bwietny spektakl. Agata Biziuk \u2013 re\u017cyserka spektaklu \u201eZa \u2013 Polska\u201d w Teatrze Animacji &#8211; \u00a0nie pozostawi\u0142a suchej nitki na mentalno\u015bci Polak\u00f3w, przekonanych o micie \u015bwi\u0119tej Ojczyzny. Bezkompromisowo aktorzy pokazywali nasze wady &#8211; zapalczywo\u015b\u0107, k\u0142\u00f3tliwo\u015b\u0107, arogancj\u0119 i zwyczaj zamiatania problem\u00f3w pod dywan. Aktorski i \u00a0inscenizacyjny majstersztyk. To trzeba zobaczy\u0107! Polecamy!<\/p>\n<p style=\"text-align: right;\">Katarzyna Szyszka<\/p>\n<p style=\"text-align: right;\">\u2013 opiekun ko\u0142a \u201ePOPkulturalne rozmowy\u201d<\/p>\n<p style=\"text-align: center;\"><img loading=\"lazy\" decoding=\"async\" class=\"aligncenter size-full wp-image-323\" src=\"https:\/\/szkolapodlipami.pl\/wp-content\/uploads\/2019\/11\/zapo1.jpg\" alt=\"\" width=\"467\" height=\"700\" srcset=\"https:\/\/szkolapodlipami.pl\/wp-content\/uploads\/2019\/11\/zapo1.jpg 467w, https:\/\/szkolapodlipami.pl\/wp-content\/uploads\/2019\/11\/zapo1-200x300.jpg 200w, https:\/\/szkolapodlipami.pl\/wp-content\/uploads\/2019\/11\/zapo1-167x250.jpg 167w\" sizes=\"auto, (max-width: 467px) 100vw, 467px\" \/> <img loading=\"lazy\" decoding=\"async\" class=\"aligncenter size-full wp-image-324\" src=\"https:\/\/szkolapodlipami.pl\/wp-content\/uploads\/2019\/11\/zapo2.jpg\" alt=\"\" width=\"700\" height=\"525\" srcset=\"https:\/\/szkolapodlipami.pl\/wp-content\/uploads\/2019\/11\/zapo2.jpg 700w, https:\/\/szkolapodlipami.pl\/wp-content\/uploads\/2019\/11\/zapo2-300x225.jpg 300w, https:\/\/szkolapodlipami.pl\/wp-content\/uploads\/2019\/11\/zapo2-333x250.jpg 333w\" sizes=\"auto, (max-width: 700px) 100vw, 700px\" \/><\/p>\n","protected":false},"excerpt":{"rendered":"<p>To by\u0142 kolejny \u015bwietny spektakl. Agata Biziuk \u2013 re\u017cyserka spektaklu \u201eZa \u2013 Polska\u201d w Teatrze Animacji &#8211; \u00a0nie pozostawi\u0142a suchej nitki na mentalno\u015bci Polak\u00f3w, przekonanych o micie \u015bwi\u0119tej Ojczyzny. Bezkompromisowo aktorzy pokazywali nasze wady &#8211; zapalczywo\u015b\u0107, k\u0142\u00f3tliwo\u015b\u0107, arogancj\u0119 i zwyczaj zamiatania problem\u00f3w pod dywan. Aktorski i \u00a0inscenizacyjny majstersztyk. To trzeba &hellip;<\/p>\n","protected":false},"author":1,"featured_media":0,"comment_status":"closed","ping_status":"open","sticky":false,"template":"","format":"standard","meta":{"footnotes":""},"categories":[2,5,7,4],"tags":[],"class_list":["post-322","post","type-post","status-publish","format-standard","hentry","category-aktualnosci","category-liceum-sportowe","category-popkulturalne-rozmowy","category-szkola-podstawowa"],"_links":{"self":[{"href":"https:\/\/szkolapodlipami.pl\/index.php?rest_route=\/wp\/v2\/posts\/322","targetHints":{"allow":["GET"]}}],"collection":[{"href":"https:\/\/szkolapodlipami.pl\/index.php?rest_route=\/wp\/v2\/posts"}],"about":[{"href":"https:\/\/szkolapodlipami.pl\/index.php?rest_route=\/wp\/v2\/types\/post"}],"author":[{"embeddable":true,"href":"https:\/\/szkolapodlipami.pl\/index.php?rest_route=\/wp\/v2\/users\/1"}],"replies":[{"embeddable":true,"href":"https:\/\/szkolapodlipami.pl\/index.php?rest_route=%2Fwp%2Fv2%2Fcomments&post=322"}],"version-history":[{"count":1,"href":"https:\/\/szkolapodlipami.pl\/index.php?rest_route=\/wp\/v2\/posts\/322\/revisions"}],"predecessor-version":[{"id":325,"href":"https:\/\/szkolapodlipami.pl\/index.php?rest_route=\/wp\/v2\/posts\/322\/revisions\/325"}],"wp:attachment":[{"href":"https:\/\/szkolapodlipami.pl\/index.php?rest_route=%2Fwp%2Fv2%2Fmedia&parent=322"}],"wp:term":[{"taxonomy":"category","embeddable":true,"href":"https:\/\/szkolapodlipami.pl\/index.php?rest_route=%2Fwp%2Fv2%2Fcategories&post=322"},{"taxonomy":"post_tag","embeddable":true,"href":"https:\/\/szkolapodlipami.pl\/index.php?rest_route=%2Fwp%2Fv2%2Ftags&post=322"}],"curies":[{"name":"wp","href":"https:\/\/api.w.org\/{rel}","templated":true}]}}