{"id":316,"date":"2019-11-08T21:33:39","date_gmt":"2019-11-08T20:33:39","guid":{"rendered":"http:\/\/szkolapodlipami.pl\/?p=316"},"modified":"2019-11-11T21:41:47","modified_gmt":"2019-11-11T20:41:47","slug":"szkola-do-hymnu","status":"publish","type":"post","link":"https:\/\/szkolapodlipami.pl\/?p=316","title":{"rendered":"\u201eSzko\u0142a do hymnu\u201d"},"content":{"rendered":"<p>Z okazji \u015awi\u0119ta Niepodleg\u0142o\u015bci w miniony pi\u0105tek uczniowie klas I-III SP z pomoc\u0105 nauczycieli przygotowali uroczyst\u0105 i podnios\u0142\u0105 uroczysto\u015b\u0107, podczas kt\u00f3rej wybrzmia\u0142y polskie patriotyczne pie\u015bni i wiersze. Na zako\u0144czenie obchod\u00f3w tego wa\u017cnego \u015awi\u0119ta klasy wsp\u00f3lnie za\u015bpiewa\u0142y wzruszaj\u0105ca piosenk\u0119 pt.: \u201eCo to jest niepodleg\u0142o\u015b\u0107\u201d. Jednym z najwa\u017cniejszych punkt\u00f3w tej uroczysto\u015bci by\u0142o uroczyste wprowadzenie flagi i wsp\u00f3lne od\u015bpiewanie hymnu narodowego- nasza szko\u0142a ju\u017c po raz kolejny wzi\u0119\u0142a udzia\u0142 w og\u00f3lnopolskiej akcji \u201eSzko\u0142a do hymnu\u201d.<\/p>\n<p style=\"text-align: right;\">Sylwia Walkowiak<\/p>\n<p style=\"text-align: center;\"><img loading=\"lazy\" decoding=\"async\" class=\"aligncenter size-full wp-image-318\" src=\"https:\/\/szkolapodlipami.pl\/wp-content\/uploads\/2019\/11\/aa1.jpg\" alt=\"\" width=\"700\" height=\"525\" srcset=\"https:\/\/szkolapodlipami.pl\/wp-content\/uploads\/2019\/11\/aa1.jpg 700w, https:\/\/szkolapodlipami.pl\/wp-content\/uploads\/2019\/11\/aa1-300x225.jpg 300w, https:\/\/szkolapodlipami.pl\/wp-content\/uploads\/2019\/11\/aa1-333x250.jpg 333w\" sizes=\"auto, (max-width: 700px) 100vw, 700px\" \/> <img loading=\"lazy\" decoding=\"async\" class=\"aligncenter size-full wp-image-319\" src=\"https:\/\/szkolapodlipami.pl\/wp-content\/uploads\/2019\/11\/aa2.jpg\" alt=\"\" width=\"700\" height=\"525\" srcset=\"https:\/\/szkolapodlipami.pl\/wp-content\/uploads\/2019\/11\/aa2.jpg 700w, https:\/\/szkolapodlipami.pl\/wp-content\/uploads\/2019\/11\/aa2-300x225.jpg 300w, https:\/\/szkolapodlipami.pl\/wp-content\/uploads\/2019\/11\/aa2-333x250.jpg 333w\" sizes=\"auto, (max-width: 700px) 100vw, 700px\" \/> <img loading=\"lazy\" decoding=\"async\" class=\"aligncenter size-full wp-image-320\" src=\"https:\/\/szkolapodlipami.pl\/wp-content\/uploads\/2019\/11\/aa3.jpg\" alt=\"\" width=\"700\" height=\"525\" srcset=\"https:\/\/szkolapodlipami.pl\/wp-content\/uploads\/2019\/11\/aa3.jpg 700w, https:\/\/szkolapodlipami.pl\/wp-content\/uploads\/2019\/11\/aa3-300x225.jpg 300w, https:\/\/szkolapodlipami.pl\/wp-content\/uploads\/2019\/11\/aa3-333x250.jpg 333w\" sizes=\"auto, (max-width: 700px) 100vw, 700px\" \/><\/p>\n","protected":false},"excerpt":{"rendered":"<p>Z okazji \u015awi\u0119ta Niepodleg\u0142o\u015bci w miniony pi\u0105tek uczniowie klas I-III SP z pomoc\u0105 nauczycieli przygotowali uroczyst\u0105 i podnios\u0142\u0105 uroczysto\u015b\u0107, podczas kt\u00f3rej wybrzmia\u0142y polskie patriotyczne pie\u015bni i wiersze. Na zako\u0144czenie obchod\u00f3w tego wa\u017cnego \u015awi\u0119ta klasy wsp\u00f3lnie za\u015bpiewa\u0142y wzruszaj\u0105ca piosenk\u0119 pt.: \u201eCo to jest niepodleg\u0142o\u015b\u0107\u201d. Jednym z najwa\u017cniejszych punkt\u00f3w tej uroczysto\u015bci by\u0142o &hellip;<\/p>\n","protected":false},"author":1,"featured_media":0,"comment_status":"closed","ping_status":"open","sticky":false,"template":"","format":"standard","meta":{"footnotes":""},"categories":[2,3],"tags":[],"class_list":["post-316","post","type-post","status-publish","format-standard","hentry","category-aktualnosci","category-nauczanie-wczesnoszkolne"],"_links":{"self":[{"href":"https:\/\/szkolapodlipami.pl\/index.php?rest_route=\/wp\/v2\/posts\/316","targetHints":{"allow":["GET"]}}],"collection":[{"href":"https:\/\/szkolapodlipami.pl\/index.php?rest_route=\/wp\/v2\/posts"}],"about":[{"href":"https:\/\/szkolapodlipami.pl\/index.php?rest_route=\/wp\/v2\/types\/post"}],"author":[{"embeddable":true,"href":"https:\/\/szkolapodlipami.pl\/index.php?rest_route=\/wp\/v2\/users\/1"}],"replies":[{"embeddable":true,"href":"https:\/\/szkolapodlipami.pl\/index.php?rest_route=%2Fwp%2Fv2%2Fcomments&post=316"}],"version-history":[{"count":2,"href":"https:\/\/szkolapodlipami.pl\/index.php?rest_route=\/wp\/v2\/posts\/316\/revisions"}],"predecessor-version":[{"id":321,"href":"https:\/\/szkolapodlipami.pl\/index.php?rest_route=\/wp\/v2\/posts\/316\/revisions\/321"}],"wp:attachment":[{"href":"https:\/\/szkolapodlipami.pl\/index.php?rest_route=%2Fwp%2Fv2%2Fmedia&parent=316"}],"wp:term":[{"taxonomy":"category","embeddable":true,"href":"https:\/\/szkolapodlipami.pl\/index.php?rest_route=%2Fwp%2Fv2%2Fcategories&post=316"},{"taxonomy":"post_tag","embeddable":true,"href":"https:\/\/szkolapodlipami.pl\/index.php?rest_route=%2Fwp%2Fv2%2Ftags&post=316"}],"curies":[{"name":"wp","href":"https:\/\/api.w.org\/{rel}","templated":true}]}}