{"id":311,"date":"2019-11-08T21:22:45","date_gmt":"2019-11-08T20:22:45","guid":{"rendered":"http:\/\/szkolapodlipami.pl\/?p=311"},"modified":"2019-11-11T21:32:14","modified_gmt":"2019-11-11T20:32:14","slug":"dzien-niepodleglosci","status":"publish","type":"post","link":"https:\/\/szkolapodlipami.pl\/?p=311","title":{"rendered":"Dzie\u0144 Niepodleg\u0142o\u015bci"},"content":{"rendered":"<p class=\"Standard\">7 i 8 listopada uczniowie z klasy 2a du\u017co rozmawiali na tematy zwi\u0105zane z niepodleg\u0142o\u015bci\u0105. Poruszone zosta\u0142y tematy takie jak: symbole narodowe, zabory, najwa\u017cniejsze osoby w \u00f3wczesnych czasach, a tak\u017ce jako podsumowanie uczniowie w grupach wykonali Lapbooki, czyli ksi\u0105\u017ceczki tematyczne w kieszonkach. Uczniowie przy tym zadaniu mieli du\u017co frajdy, a tak\u017ce mogli utrwali\u0107 zdobyt\u0105 do tej pory wiedz\u0119, jak i poszerzy\u0107 j\u0105 o nowe zagadnienia.<\/p>\n<p class=\"Standard\" style=\"text-align: right;\" align=\"right\">wychowawca \u2013 Weronika Matyla<\/p>\n<p style=\"text-align: center;\" align=\"right\"><img loading=\"lazy\" decoding=\"async\" class=\"aligncenter size-full wp-image-312\" src=\"https:\/\/szkolapodlipami.pl\/wp-content\/uploads\/2019\/11\/Dzie\u0144-Niepodleg\u0142osci-2.jpg\" alt=\"\" width=\"700\" height=\"394\" srcset=\"https:\/\/szkolapodlipami.pl\/wp-content\/uploads\/2019\/11\/Dzie\u0144-Niepodleg\u0142osci-2.jpg 700w, https:\/\/szkolapodlipami.pl\/wp-content\/uploads\/2019\/11\/Dzie\u0144-Niepodleg\u0142osci-2-300x169.jpg 300w, https:\/\/szkolapodlipami.pl\/wp-content\/uploads\/2019\/11\/Dzie\u0144-Niepodleg\u0142osci-2-430x242.jpg 430w\" sizes=\"auto, (max-width: 700px) 100vw, 700px\" \/> <img loading=\"lazy\" decoding=\"async\" class=\"aligncenter size-full wp-image-313\" src=\"https:\/\/szkolapodlipami.pl\/wp-content\/uploads\/2019\/11\/Dzie\u0144-Niepodleg\u0142osci-3.jpg\" alt=\"\" width=\"394\" height=\"700\" srcset=\"https:\/\/szkolapodlipami.pl\/wp-content\/uploads\/2019\/11\/Dzie\u0144-Niepodleg\u0142osci-3.jpg 394w, https:\/\/szkolapodlipami.pl\/wp-content\/uploads\/2019\/11\/Dzie\u0144-Niepodleg\u0142osci-3-169x300.jpg 169w, https:\/\/szkolapodlipami.pl\/wp-content\/uploads\/2019\/11\/Dzie\u0144-Niepodleg\u0142osci-3-141x250.jpg 141w\" sizes=\"auto, (max-width: 394px) 100vw, 394px\" \/> <img loading=\"lazy\" decoding=\"async\" class=\"aligncenter size-full wp-image-314\" src=\"https:\/\/szkolapodlipami.pl\/wp-content\/uploads\/2019\/11\/Dzie\u0144-Niepodleg\u0142osci.jpg\" alt=\"\" width=\"700\" height=\"394\" srcset=\"https:\/\/szkolapodlipami.pl\/wp-content\/uploads\/2019\/11\/Dzie\u0144-Niepodleg\u0142osci.jpg 700w, https:\/\/szkolapodlipami.pl\/wp-content\/uploads\/2019\/11\/Dzie\u0144-Niepodleg\u0142osci-300x169.jpg 300w, https:\/\/szkolapodlipami.pl\/wp-content\/uploads\/2019\/11\/Dzie\u0144-Niepodleg\u0142osci-430x242.jpg 430w\" sizes=\"auto, (max-width: 700px) 100vw, 700px\" \/><\/p>\n","protected":false},"excerpt":{"rendered":"<p>7 i 8 listopada uczniowie z klasy 2a du\u017co rozmawiali na tematy zwi\u0105zane z niepodleg\u0142o\u015bci\u0105. Poruszone zosta\u0142y tematy takie jak: symbole narodowe, zabory, najwa\u017cniejsze osoby w \u00f3wczesnych czasach, a tak\u017ce jako podsumowanie uczniowie w grupach wykonali Lapbooki, czyli ksi\u0105\u017ceczki tematyczne w kieszonkach. Uczniowie przy tym zadaniu mieli du\u017co frajdy, a &hellip;<\/p>\n","protected":false},"author":1,"featured_media":0,"comment_status":"closed","ping_status":"open","sticky":false,"template":"","format":"standard","meta":{"footnotes":""},"categories":[2,3],"tags":[],"class_list":["post-311","post","type-post","status-publish","format-standard","hentry","category-aktualnosci","category-nauczanie-wczesnoszkolne"],"_links":{"self":[{"href":"https:\/\/szkolapodlipami.pl\/index.php?rest_route=\/wp\/v2\/posts\/311","targetHints":{"allow":["GET"]}}],"collection":[{"href":"https:\/\/szkolapodlipami.pl\/index.php?rest_route=\/wp\/v2\/posts"}],"about":[{"href":"https:\/\/szkolapodlipami.pl\/index.php?rest_route=\/wp\/v2\/types\/post"}],"author":[{"embeddable":true,"href":"https:\/\/szkolapodlipami.pl\/index.php?rest_route=\/wp\/v2\/users\/1"}],"replies":[{"embeddable":true,"href":"https:\/\/szkolapodlipami.pl\/index.php?rest_route=%2Fwp%2Fv2%2Fcomments&post=311"}],"version-history":[{"count":1,"href":"https:\/\/szkolapodlipami.pl\/index.php?rest_route=\/wp\/v2\/posts\/311\/revisions"}],"predecessor-version":[{"id":315,"href":"https:\/\/szkolapodlipami.pl\/index.php?rest_route=\/wp\/v2\/posts\/311\/revisions\/315"}],"wp:attachment":[{"href":"https:\/\/szkolapodlipami.pl\/index.php?rest_route=%2Fwp%2Fv2%2Fmedia&parent=311"}],"wp:term":[{"taxonomy":"category","embeddable":true,"href":"https:\/\/szkolapodlipami.pl\/index.php?rest_route=%2Fwp%2Fv2%2Fcategories&post=311"},{"taxonomy":"post_tag","embeddable":true,"href":"https:\/\/szkolapodlipami.pl\/index.php?rest_route=%2Fwp%2Fv2%2Ftags&post=311"}],"curies":[{"name":"wp","href":"https:\/\/api.w.org\/{rel}","templated":true}]}}