{"id":305,"date":"2019-11-08T21:20:40","date_gmt":"2019-11-08T20:20:40","guid":{"rendered":"http:\/\/szkolapodlipami.pl\/?p=305"},"modified":"2019-11-11T21:22:09","modified_gmt":"2019-11-11T20:22:09","slug":"jesien","status":"publish","type":"post","link":"https:\/\/szkolapodlipami.pl\/?p=305","title":{"rendered":"Jesie\u0144"},"content":{"rendered":"<p class=\"Standard\">Przy okazji rozm\u00f3w o obecnej porze roku \u2013 jesieni i zwi\u0105zanych z ni\u0105 temat\u00f3w o jesiennych drzewach, krzewach oraz sadach, uczniowie z klasy 2a wykonali przepyszne przek\u0105ski, sk\u0142adaj\u0105ce si\u0119 g\u0142\u00f3wnie z owoc\u00f3w sezonowych, takich jak jab\u0142ka, winogrona, czy \u015bliwki, jednak nie zabrak\u0142o wielu innych owoc\u00f3w, kt\u00f3re s\u0105 przez uczni\u00f3w bardzo lubiane. Uczniowie po sko\u0144czonej pracy z apetytem zjedli przygotowane przez siebie owocowe przek\u0105ski.<\/p>\n<p class=\"Standard\">\n<p class=\"Standard\" style=\"text-align: right;\" align=\"right\">wychowawca \u2013 Weronika Matyla<\/p>\n<p style=\"text-align: center;\" align=\"right\"><img loading=\"lazy\" decoding=\"async\" class=\"aligncenter size-full wp-image-306\" src=\"https:\/\/szkolapodlipami.pl\/wp-content\/uploads\/2019\/11\/Jesie\u0144-2.jpg\" alt=\"\" width=\"700\" height=\"394\" srcset=\"https:\/\/szkolapodlipami.pl\/wp-content\/uploads\/2019\/11\/Jesie\u0144-2.jpg 700w, https:\/\/szkolapodlipami.pl\/wp-content\/uploads\/2019\/11\/Jesie\u0144-2-300x169.jpg 300w, https:\/\/szkolapodlipami.pl\/wp-content\/uploads\/2019\/11\/Jesie\u0144-2-430x242.jpg 430w\" sizes=\"auto, (max-width: 700px) 100vw, 700px\" \/> <img loading=\"lazy\" decoding=\"async\" class=\"aligncenter size-full wp-image-307\" src=\"https:\/\/szkolapodlipami.pl\/wp-content\/uploads\/2019\/11\/Jesie\u0144-3.jpg\" alt=\"\" width=\"700\" height=\"394\" srcset=\"https:\/\/szkolapodlipami.pl\/wp-content\/uploads\/2019\/11\/Jesie\u0144-3.jpg 700w, https:\/\/szkolapodlipami.pl\/wp-content\/uploads\/2019\/11\/Jesie\u0144-3-300x169.jpg 300w, https:\/\/szkolapodlipami.pl\/wp-content\/uploads\/2019\/11\/Jesie\u0144-3-430x242.jpg 430w\" sizes=\"auto, (max-width: 700px) 100vw, 700px\" \/> <img loading=\"lazy\" decoding=\"async\" class=\"aligncenter size-full wp-image-308\" src=\"https:\/\/szkolapodlipami.pl\/wp-content\/uploads\/2019\/11\/Jesie\u0144-4.jpg\" alt=\"\" width=\"700\" height=\"394\" srcset=\"https:\/\/szkolapodlipami.pl\/wp-content\/uploads\/2019\/11\/Jesie\u0144-4.jpg 700w, https:\/\/szkolapodlipami.pl\/wp-content\/uploads\/2019\/11\/Jesie\u0144-4-300x169.jpg 300w, https:\/\/szkolapodlipami.pl\/wp-content\/uploads\/2019\/11\/Jesie\u0144-4-430x242.jpg 430w\" sizes=\"auto, (max-width: 700px) 100vw, 700px\" \/> <img loading=\"lazy\" decoding=\"async\" class=\"aligncenter size-full wp-image-309\" src=\"https:\/\/szkolapodlipami.pl\/wp-content\/uploads\/2019\/11\/Jesie\u0144.jpg\" alt=\"\" width=\"700\" height=\"394\" srcset=\"https:\/\/szkolapodlipami.pl\/wp-content\/uploads\/2019\/11\/Jesie\u0144.jpg 700w, https:\/\/szkolapodlipami.pl\/wp-content\/uploads\/2019\/11\/Jesie\u0144-300x169.jpg 300w, https:\/\/szkolapodlipami.pl\/wp-content\/uploads\/2019\/11\/Jesie\u0144-430x242.jpg 430w\" sizes=\"auto, (max-width: 700px) 100vw, 700px\" \/><\/p>\n","protected":false},"excerpt":{"rendered":"<p>Przy okazji rozm\u00f3w o obecnej porze roku \u2013 jesieni i zwi\u0105zanych z ni\u0105 temat\u00f3w o jesiennych drzewach, krzewach oraz sadach, uczniowie z klasy 2a wykonali przepyszne przek\u0105ski, sk\u0142adaj\u0105ce si\u0119 g\u0142\u00f3wnie z owoc\u00f3w sezonowych, takich jak jab\u0142ka, winogrona, czy \u015bliwki, jednak nie zabrak\u0142o wielu innych owoc\u00f3w, kt\u00f3re s\u0105 przez uczni\u00f3w bardzo &hellip;<\/p>\n","protected":false},"author":1,"featured_media":0,"comment_status":"closed","ping_status":"open","sticky":false,"template":"","format":"standard","meta":{"footnotes":""},"categories":[2,3],"tags":[],"class_list":["post-305","post","type-post","status-publish","format-standard","hentry","category-aktualnosci","category-nauczanie-wczesnoszkolne"],"_links":{"self":[{"href":"https:\/\/szkolapodlipami.pl\/index.php?rest_route=\/wp\/v2\/posts\/305","targetHints":{"allow":["GET"]}}],"collection":[{"href":"https:\/\/szkolapodlipami.pl\/index.php?rest_route=\/wp\/v2\/posts"}],"about":[{"href":"https:\/\/szkolapodlipami.pl\/index.php?rest_route=\/wp\/v2\/types\/post"}],"author":[{"embeddable":true,"href":"https:\/\/szkolapodlipami.pl\/index.php?rest_route=\/wp\/v2\/users\/1"}],"replies":[{"embeddable":true,"href":"https:\/\/szkolapodlipami.pl\/index.php?rest_route=%2Fwp%2Fv2%2Fcomments&post=305"}],"version-history":[{"count":1,"href":"https:\/\/szkolapodlipami.pl\/index.php?rest_route=\/wp\/v2\/posts\/305\/revisions"}],"predecessor-version":[{"id":310,"href":"https:\/\/szkolapodlipami.pl\/index.php?rest_route=\/wp\/v2\/posts\/305\/revisions\/310"}],"wp:attachment":[{"href":"https:\/\/szkolapodlipami.pl\/index.php?rest_route=%2Fwp%2Fv2%2Fmedia&parent=305"}],"wp:term":[{"taxonomy":"category","embeddable":true,"href":"https:\/\/szkolapodlipami.pl\/index.php?rest_route=%2Fwp%2Fv2%2Fcategories&post=305"},{"taxonomy":"post_tag","embeddable":true,"href":"https:\/\/szkolapodlipami.pl\/index.php?rest_route=%2Fwp%2Fv2%2Ftags&post=305"}],"curies":[{"name":"wp","href":"https:\/\/api.w.org\/{rel}","templated":true}]}}