{"id":302,"date":"2019-11-06T22:48:29","date_gmt":"2019-11-06T21:48:29","guid":{"rendered":"http:\/\/szkolapodlipami.pl\/?p=302"},"modified":"2019-11-17T21:49:54","modified_gmt":"2019-11-17T20:49:54","slug":"komunikat-2","status":"publish","type":"post","link":"https:\/\/szkolapodlipami.pl\/?p=302","title":{"rendered":"Komunikat"},"content":{"rendered":"<p>W dniu 15.11.br (pi\u0105tek) odb\u0119d\u0105 \u00a0si\u0119 \u00a0Zawody P\u0142ywackie w ramach \u00a0\u201eGrand Prix IUKS Jedynka\u201d \u2013 I Edycja Grand Prix \u2013 \u201eP\u0142ywackie zawody Integracyjne\u201d. Do startu w zawodach uprawnione s\u0105 dzieci i zawodnicy wsp\u00f3\u0142pracuj\u0105cy z klubami IUKS Jedynka i KS Posnania na mocy zawartego porozumienia o szkoleniu na dany rok.<\/p>\n<p><strong>Program zawod\u00f3w <\/strong>(orientacyjny)<strong>:<\/strong><\/p>\n<p><strong>Pi\u0105tek 15.11.<\/strong><\/p>\n<p><strong>&#8211; 10.00<\/strong>\u00a0\u00a0\u00a0\u00a0\u00a0\u00a0\u00a0 &#8211; klasy 1a, 1b i klas 2, starty indywidualne,<\/p>\n<p>&#8211; <strong>11.45<\/strong>\u00a0\u00a0\u00a0\u00a0\u00a0\u00a0\u00a0 &#8211; klasy 3, 4, starty indywidualne,<\/p>\n<p>&#8211; zako\u0144czenie zawod\u00f3w (oko\u0142o 12.30).<\/p>\n<p>Klasy <strong>5,6,7 i 8<\/strong> startuj\u0105 w ramach zaj\u0119\u0107 treningowych (szczeg\u00f3\u0142y podadz\u0105 trenerzy).<\/p>\n<p><strong>Uczniowie z klas ko\u0144cz\u0105cych lekcje <\/strong>po zako\u0144czeniu zawod\u00f3w mog\u0105 by\u0107 odebrani z p\u0142ywalni przez rodzic\u00f3w, pozostali wracaj\u0105 do \u015bwietlicy.<\/p>\n<p>Plan godzinowy dla <strong>klas 1-2 i 3:<\/strong><\/p>\n<p>Klasa 1a \u00a0\u00a0\u00a0\u00a0\u00a0\u00a0\u00a0\u00a0\u00a0\u00a0\u00a0\u00a0\u00a0\u00a0 &#8211; 7.30 \u2013 9.30 zaj\u0119cia dydaktyczne,<\/p>\n<p>&#8211; 10.00 \u2013 11.00 zawody,<\/p>\n<p>Klasa 1b\u00a0\u00a0\u00a0\u00a0\u00a0\u00a0\u00a0\u00a0\u00a0\u00a0\u00a0\u00a0\u00a0\u00a0 &#8211; 10.00 \u2013 11.00 zawody,<\/p>\n<p>&#8211; 12.00 \u2013 14.30 zaj\u0119cia dydaktyczne,<\/p>\n<p>Klasy 2a, 2b, 2c\u00a0\u00a0\u00a0 &#8211; 10.00 \u2013 11.00 zawody,<\/p>\n<p>&#8211; 12.00 \u2013 14.30 zaj\u0119cia dydaktyczne,<\/p>\n<p>Klasa 3a, 3b \u00a0\u00a0\u00a0\u00a0\u00a0\u00a0\u00a0\u00a0\u00a0 &#8211; 9.00 \u2013 11.15 zaj\u0119cia dydaktyczne,<\/p>\n<p>&#8211; 11.45 \u2013 12.30 zawody,<\/p>\n<p>Klasa 3c\u00a0\u00a0\u00a0\u00a0\u00a0 \u00a0\u00a0\u00a0\u00a0\u00a0\u00a0\u00a0\u00a0\u00a0 &#8211; 11.45 \u2013 12.30 zawody,<\/p>\n<p>&#8211; 13.30 \u2013 15.00 zaj\u0119cia dydaktyczne.<\/p>\n<p>&nbsp;<\/p>\n","protected":false},"excerpt":{"rendered":"<p>W dniu 15.11.br (pi\u0105tek) odb\u0119d\u0105 \u00a0si\u0119 \u00a0Zawody P\u0142ywackie w ramach \u00a0\u201eGrand Prix IUKS Jedynka\u201d \u2013 I Edycja Grand Prix \u2013 \u201eP\u0142ywackie zawody Integracyjne\u201d. Do startu w zawodach uprawnione s\u0105 dzieci i zawodnicy wsp\u00f3\u0142pracuj\u0105cy z klubami IUKS Jedynka i KS Posnania na mocy zawartego porozumienia o szkoleniu na dany rok. Program &hellip;<\/p>\n","protected":false},"author":1,"featured_media":0,"comment_status":"closed","ping_status":"open","sticky":false,"template":"","format":"standard","meta":{"footnotes":""},"categories":[9,8],"tags":[],"class_list":["post-302","post","type-post","status-publish","format-standard","hentry","category-plywanie","category-sekcje-sportowe"],"_links":{"self":[{"href":"https:\/\/szkolapodlipami.pl\/index.php?rest_route=\/wp\/v2\/posts\/302","targetHints":{"allow":["GET"]}}],"collection":[{"href":"https:\/\/szkolapodlipami.pl\/index.php?rest_route=\/wp\/v2\/posts"}],"about":[{"href":"https:\/\/szkolapodlipami.pl\/index.php?rest_route=\/wp\/v2\/types\/post"}],"author":[{"embeddable":true,"href":"https:\/\/szkolapodlipami.pl\/index.php?rest_route=\/wp\/v2\/users\/1"}],"replies":[{"embeddable":true,"href":"https:\/\/szkolapodlipami.pl\/index.php?rest_route=%2Fwp%2Fv2%2Fcomments&post=302"}],"version-history":[{"count":2,"href":"https:\/\/szkolapodlipami.pl\/index.php?rest_route=\/wp\/v2\/posts\/302\/revisions"}],"predecessor-version":[{"id":304,"href":"https:\/\/szkolapodlipami.pl\/index.php?rest_route=\/wp\/v2\/posts\/302\/revisions\/304"}],"wp:attachment":[{"href":"https:\/\/szkolapodlipami.pl\/index.php?rest_route=%2Fwp%2Fv2%2Fmedia&parent=302"}],"wp:term":[{"taxonomy":"category","embeddable":true,"href":"https:\/\/szkolapodlipami.pl\/index.php?rest_route=%2Fwp%2Fv2%2Fcategories&post=302"},{"taxonomy":"post_tag","embeddable":true,"href":"https:\/\/szkolapodlipami.pl\/index.php?rest_route=%2Fwp%2Fv2%2Ftags&post=302"}],"curies":[{"name":"wp","href":"https:\/\/api.w.org\/{rel}","templated":true}]}}