{"id":293,"date":"2019-11-04T21:07:22","date_gmt":"2019-11-04T20:07:22","guid":{"rendered":"http:\/\/szkolapodlipami.pl\/?p=293"},"modified":"2019-11-04T21:07:31","modified_gmt":"2019-11-04T20:07:31","slug":"pogrzeb-prof-jacka-luczaka","status":"publish","type":"post","link":"https:\/\/szkolapodlipami.pl\/?p=293","title":{"rendered":"Pogrzeb prof. Jacka \u0141uczaka"},"content":{"rendered":"<p>Dnia 31 pa\u017adziernika na cmentarzu Junikowo odby\u0142 si\u0119 pogrzeb wybitnego poznaniaka &#8211; za\u0142o\u017cyciela Polskiego Towarzystwa Opieki Paliatywnej &#8211; profesora Jacka \u0141uczaka. Uroczysto\u015bci pogrzebowe rozpocz\u0119\u0142y si\u0119 o godz. 13.50 gromadz\u0105c liczne t\u0142umy przyby\u0142ych poznaniak\u00f3w. W spos\u00f3b szczeg\u00f3lny obecne by\u0142y poczty sztandarowe tych szk\u00f3\u0142, kt\u00f3re zaanga\u017cowane s\u0105 w dzia\u0142alno\u015b\u0107 wolontaryjn\u0105 na terenie Wielkopolski. Nasza szko\u0142a kilkakrotnie wspiera\u0142a finansowo dzi\u0119ki szkolnym akcjom wolontaryjnym &#8211; Hospicjum Palium, kt\u00f3rego za\u0142o\u017cycielem by\u0142 zmar\u0142y profesor Jacek \u0141uczak.<\/p>\n<p style=\"text-align: right;\">Wiktor Plust<\/p>\n<p style=\"text-align: center;\"><img loading=\"lazy\" decoding=\"async\" class=\"aligncenter size-full wp-image-294\" src=\"https:\/\/szkolapodlipami.pl\/wp-content\/uploads\/2019\/11\/pog1.jpg\" alt=\"\" width=\"800\" height=\"450\" srcset=\"https:\/\/szkolapodlipami.pl\/wp-content\/uploads\/2019\/11\/pog1.jpg 800w, https:\/\/szkolapodlipami.pl\/wp-content\/uploads\/2019\/11\/pog1-300x169.jpg 300w, https:\/\/szkolapodlipami.pl\/wp-content\/uploads\/2019\/11\/pog1-768x432.jpg 768w, https:\/\/szkolapodlipami.pl\/wp-content\/uploads\/2019\/11\/pog1-430x242.jpg 430w\" sizes=\"auto, (max-width: 800px) 100vw, 800px\" \/> <img loading=\"lazy\" decoding=\"async\" class=\"aligncenter size-full wp-image-295\" src=\"https:\/\/szkolapodlipami.pl\/wp-content\/uploads\/2019\/11\/pog2.jpg\" alt=\"\" width=\"800\" height=\"450\" srcset=\"https:\/\/szkolapodlipami.pl\/wp-content\/uploads\/2019\/11\/pog2.jpg 800w, https:\/\/szkolapodlipami.pl\/wp-content\/uploads\/2019\/11\/pog2-300x169.jpg 300w, https:\/\/szkolapodlipami.pl\/wp-content\/uploads\/2019\/11\/pog2-768x432.jpg 768w, https:\/\/szkolapodlipami.pl\/wp-content\/uploads\/2019\/11\/pog2-430x242.jpg 430w\" sizes=\"auto, (max-width: 800px) 100vw, 800px\" \/><\/p>\n<p>&nbsp;<\/p>\n","protected":false},"excerpt":{"rendered":"<p>Dnia 31 pa\u017adziernika na cmentarzu Junikowo odby\u0142 si\u0119 pogrzeb wybitnego poznaniaka &#8211; za\u0142o\u017cyciela Polskiego Towarzystwa Opieki Paliatywnej &#8211; profesora Jacka \u0141uczaka. Uroczysto\u015bci pogrzebowe rozpocz\u0119\u0142y si\u0119 o godz. 13.50 gromadz\u0105c liczne t\u0142umy przyby\u0142ych poznaniak\u00f3w. W spos\u00f3b szczeg\u00f3lny obecne by\u0142y poczty sztandarowe tych szk\u00f3\u0142, kt\u00f3re zaanga\u017cowane s\u0105 w dzia\u0142alno\u015b\u0107 wolontaryjn\u0105 na terenie &hellip;<\/p>\n","protected":false},"author":1,"featured_media":0,"comment_status":"closed","ping_status":"open","sticky":false,"template":"","format":"standard","meta":{"footnotes":""},"categories":[2],"tags":[],"class_list":["post-293","post","type-post","status-publish","format-standard","hentry","category-aktualnosci"],"_links":{"self":[{"href":"https:\/\/szkolapodlipami.pl\/index.php?rest_route=\/wp\/v2\/posts\/293","targetHints":{"allow":["GET"]}}],"collection":[{"href":"https:\/\/szkolapodlipami.pl\/index.php?rest_route=\/wp\/v2\/posts"}],"about":[{"href":"https:\/\/szkolapodlipami.pl\/index.php?rest_route=\/wp\/v2\/types\/post"}],"author":[{"embeddable":true,"href":"https:\/\/szkolapodlipami.pl\/index.php?rest_route=\/wp\/v2\/users\/1"}],"replies":[{"embeddable":true,"href":"https:\/\/szkolapodlipami.pl\/index.php?rest_route=%2Fwp%2Fv2%2Fcomments&post=293"}],"version-history":[{"count":2,"href":"https:\/\/szkolapodlipami.pl\/index.php?rest_route=\/wp\/v2\/posts\/293\/revisions"}],"predecessor-version":[{"id":297,"href":"https:\/\/szkolapodlipami.pl\/index.php?rest_route=\/wp\/v2\/posts\/293\/revisions\/297"}],"wp:attachment":[{"href":"https:\/\/szkolapodlipami.pl\/index.php?rest_route=%2Fwp%2Fv2%2Fmedia&parent=293"}],"wp:term":[{"taxonomy":"category","embeddable":true,"href":"https:\/\/szkolapodlipami.pl\/index.php?rest_route=%2Fwp%2Fv2%2Fcategories&post=293"},{"taxonomy":"post_tag","embeddable":true,"href":"https:\/\/szkolapodlipami.pl\/index.php?rest_route=%2Fwp%2Fv2%2Ftags&post=293"}],"curies":[{"name":"wp","href":"https:\/\/api.w.org\/{rel}","templated":true}]}}