{"id":284,"date":"2019-11-02T08:39:04","date_gmt":"2019-11-02T07:39:04","guid":{"rendered":"http:\/\/szkolapodlipami.pl\/?p=284"},"modified":"2019-11-02T08:39:14","modified_gmt":"2019-11-02T07:39:14","slug":"warsztaty-z-wystapien-publicznych","status":"publish","type":"post","link":"https:\/\/szkolapodlipami.pl\/?p=284","title":{"rendered":"Warsztaty z wyst\u0105pie\u0144 publicznych"},"content":{"rendered":"<p>Uczennice klas sz\u00f3stych 30 pa\u017adziernika wzi\u0119\u0142y udzia\u0142 w warsztatach z wyst\u0105pie\u0144 publicznych prowadzonych przez pana Piotra Szefera &#8211; trenera Akademii Retoryki, specjalisty z zakresu debat, na co dzie\u0144 r\u00f3wnie\u017c spikera PZPN. Zaj\u0119cia obserwowa\u0142a by\u0142a pos\u0142anka i samorz\u0105dowiec, obecnie wyk\u0142adowczyni na UAM &#8211; p. Agnieszka Koz\u0142owska &#8211; Rajewicz. Warsztaty by\u0142y cz\u0119\u015bci\u0105 projektu pt. Wzmacnianie kompetencji przyw\u00f3dczych dziewcz\u0105t. Organizatorami s\u0105: Centrum Doradztwa Zawodowego oraz Fundacja Projekty Edukacyjne. Patronat sprawuje Uniwersytet im. Adama Mickiewicza w Poznaniu.<\/p>\n<p>W szkole projekt koordynuj\u0105 panie: Katarzyna Szyszka oraz Renata Czaja \u2013 Zajder.<\/p>\n<p style=\"text-align: center;\"><img loading=\"lazy\" decoding=\"async\" class=\"aligncenter size-full wp-image-285\" src=\"https:\/\/szkolapodlipami.pl\/wp-content\/uploads\/2019\/11\/wwp3.jpg\" alt=\"\" width=\"720\" height=\"960\" srcset=\"https:\/\/szkolapodlipami.pl\/wp-content\/uploads\/2019\/11\/wwp3.jpg 720w, https:\/\/szkolapodlipami.pl\/wp-content\/uploads\/2019\/11\/wwp3-225x300.jpg 225w, https:\/\/szkolapodlipami.pl\/wp-content\/uploads\/2019\/11\/wwp3-188x250.jpg 188w\" sizes=\"auto, (max-width: 720px) 100vw, 720px\" \/> <img loading=\"lazy\" decoding=\"async\" class=\"aligncenter size-full wp-image-286\" src=\"https:\/\/szkolapodlipami.pl\/wp-content\/uploads\/2019\/11\/wwwp1.jpg\" alt=\"\" width=\"720\" height=\"960\" srcset=\"https:\/\/szkolapodlipami.pl\/wp-content\/uploads\/2019\/11\/wwwp1.jpg 720w, https:\/\/szkolapodlipami.pl\/wp-content\/uploads\/2019\/11\/wwwp1-225x300.jpg 225w, https:\/\/szkolapodlipami.pl\/wp-content\/uploads\/2019\/11\/wwwp1-188x250.jpg 188w\" sizes=\"auto, (max-width: 720px) 100vw, 720px\" \/> <img loading=\"lazy\" decoding=\"async\" class=\"aligncenter size-full wp-image-287\" src=\"https:\/\/szkolapodlipami.pl\/wp-content\/uploads\/2019\/11\/wwwp2.jpg\" alt=\"\" width=\"720\" height=\"960\" srcset=\"https:\/\/szkolapodlipami.pl\/wp-content\/uploads\/2019\/11\/wwwp2.jpg 720w, https:\/\/szkolapodlipami.pl\/wp-content\/uploads\/2019\/11\/wwwp2-225x300.jpg 225w, https:\/\/szkolapodlipami.pl\/wp-content\/uploads\/2019\/11\/wwwp2-188x250.jpg 188w\" sizes=\"auto, (max-width: 720px) 100vw, 720px\" \/><\/p>\n","protected":false},"excerpt":{"rendered":"<p>Uczennice klas sz\u00f3stych 30 pa\u017adziernika wzi\u0119\u0142y udzia\u0142 w warsztatach z wyst\u0105pie\u0144 publicznych prowadzonych przez pana Piotra Szefera &#8211; trenera Akademii Retoryki, specjalisty z zakresu debat, na co dzie\u0144 r\u00f3wnie\u017c spikera PZPN. Zaj\u0119cia obserwowa\u0142a by\u0142a pos\u0142anka i samorz\u0105dowiec, obecnie wyk\u0142adowczyni na UAM &#8211; p. Agnieszka Koz\u0142owska &#8211; Rajewicz. Warsztaty by\u0142y cz\u0119\u015bci\u0105 &hellip;<\/p>\n","protected":false},"author":1,"featured_media":0,"comment_status":"closed","ping_status":"open","sticky":false,"template":"","format":"standard","meta":{"footnotes":""},"categories":[2,4],"tags":[],"class_list":["post-284","post","type-post","status-publish","format-standard","hentry","category-aktualnosci","category-szkola-podstawowa"],"_links":{"self":[{"href":"https:\/\/szkolapodlipami.pl\/index.php?rest_route=\/wp\/v2\/posts\/284","targetHints":{"allow":["GET"]}}],"collection":[{"href":"https:\/\/szkolapodlipami.pl\/index.php?rest_route=\/wp\/v2\/posts"}],"about":[{"href":"https:\/\/szkolapodlipami.pl\/index.php?rest_route=\/wp\/v2\/types\/post"}],"author":[{"embeddable":true,"href":"https:\/\/szkolapodlipami.pl\/index.php?rest_route=\/wp\/v2\/users\/1"}],"replies":[{"embeddable":true,"href":"https:\/\/szkolapodlipami.pl\/index.php?rest_route=%2Fwp%2Fv2%2Fcomments&post=284"}],"version-history":[{"count":2,"href":"https:\/\/szkolapodlipami.pl\/index.php?rest_route=\/wp\/v2\/posts\/284\/revisions"}],"predecessor-version":[{"id":289,"href":"https:\/\/szkolapodlipami.pl\/index.php?rest_route=\/wp\/v2\/posts\/284\/revisions\/289"}],"wp:attachment":[{"href":"https:\/\/szkolapodlipami.pl\/index.php?rest_route=%2Fwp%2Fv2%2Fmedia&parent=284"}],"wp:term":[{"taxonomy":"category","embeddable":true,"href":"https:\/\/szkolapodlipami.pl\/index.php?rest_route=%2Fwp%2Fv2%2Fcategories&post=284"},{"taxonomy":"post_tag","embeddable":true,"href":"https:\/\/szkolapodlipami.pl\/index.php?rest_route=%2Fwp%2Fv2%2Ftags&post=284"}],"curies":[{"name":"wp","href":"https:\/\/api.w.org\/{rel}","templated":true}]}}