{"id":233,"date":"2019-10-09T17:48:29","date_gmt":"2019-10-09T15:48:29","guid":{"rendered":"http:\/\/szkolapodlipami.pl\/?p=233"},"modified":"2019-10-09T17:48:29","modified_gmt":"2019-10-09T15:48:29","slug":"spotkanie-z-bylym-wiezniem-obozu-koncentracyjnego-w-mauthausen-gusen","status":"publish","type":"post","link":"https:\/\/szkolapodlipami.pl\/?p=233","title":{"rendered":"Spotkanie z by\u0142ym wi\u0119\u017aniem obozu koncentracyjnego w Mauthausen \u2013 Gusen"},"content":{"rendered":"<p>1 pa\u017adziernika 2019 r. w naszej szkole odby\u0142o si\u0119 spotkanie z Panem Eugeniuszem \u015aliwi\u0144skim by\u0142ym wi\u0119\u017aniem obozu koncentracyjnego w Mauthausen \u2013 Gusen. Spotkanie zosta\u0142o zorganizowane przez Fundacj\u0119 \u201ePomost\u201d . W spotkaniu uczestniczy\u0142a r\u00f3wnie\u017c c\u00f3rka Pana Eugeniusza, kt\u00f3ra wspomaga\u0142a go w opowiadaniu historii \u017cycia.<\/p>\n<p>Spotkanie rozpocz\u0119\u0142o si\u0119 od obejrzenia\u00a0 filmu przedstawiaj\u0105cego ob\u00f3z zag\u0142ady w Gusen. Film przybli\u017cy\u0142 nam warunki \u017cycia w obozie, zachowania kapo oraz ukaza\u0142 prze\u017cycia wi\u0119\u017ani\u00f3w obozu. Wspomnienia wi\u0119\u017ani\u00f3w ilustrowane by\u0142y grafikami wykonanymi przez nich samych. Ob\u00f3z w Mauthausen \u2013 Gusen by\u0142 jednym z najokrutniejszych hitlerowskich oboz\u00f3w masowej zag\u0142ady. By\u0142 pierwszym niemieckim obozem utworzonym poza granicami III Rzeszy \u2013 na terenie Austrii. Istnia\u0142 od sierpnia 1938 r. do maja 1945 r. W obozie przebywali przedstawiciele wielu narodowo\u015bci. Opr\u00f3cz Polak\u00f3w byli tu wi\u0119\u017aniowie sowieccy, \u017bydzi, Hiszpanie, W\u0142osi, Francuzi, ale r\u00f3wnie\u017c Niemcy i Austriacy, kt\u00f3rzy nie poddali si\u0119 nazistowskiemu porz\u0105dkowi.<\/p>\n<p>Po obejrzeniu filmu g\u0142os zabra\u0142 \u2013 bohater spotkania Pan Eugeniusz \u015aliwi\u0144ski. Z pomoc\u0105 c\u00f3rki przedstawi\u0142 swoje koleje \u017cycia. Urodzi\u0142 si\u0119 10 listopada 1923 r. w Podd\u0119bicach w okolicach \u0141odzi. Pochodzi\u0142 z wielodzietnej rodziny, mia\u0142 pi\u0119cioro rodze\u0144stwa. Gdy rozpocz\u0119\u0142a si\u0119 wojna Pan Eugeniusz mia\u0142 15 lat. Ze wzgl\u0119du na zawirowania wojenne nie m\u00f3g\u0142 podj\u0105\u0107 nauki w szkole \u015bredniej. Wst\u0105pi\u0142 do Zwi\u0105zku Walki Zbrojnej (ZWZ), gdzie dzia\u0142a\u0142 jako \u0142\u0105cznik. Rozpocz\u0105\u0142 prac\u0119.\u00a0 Pocz\u0105tkowo pracowa\u0142 na \u017cwirowni, budowa\u0142 drogi a p\u00f3\u017aniej w firmie budowlanej prowadzonej przez Niemc\u00f3w. Doje\u017cd\u017ca\u0142 do pracy rowerem i w ramie od roweru przewozi\u0142 r\u00f3\u017cne dokumenty i raporty. !5 wrze\u015bnia 1942 r. zosta\u0142 aresztowany i uwi\u0119ziony w \u0141odzi, gdzie by\u0142 brutalnie przes\u0142uchiwany. Nast\u0119pnie uznany zosta\u0142 za przest\u0119pc\u0119 i zosta\u0142 przetransportowany do obozu w Mauthausen. Esesmani m\u00f3wili, \u017ce w obozie mo\u017cna prze\u017cy\u0107 p\u00f3\u0142 roku, a Pan Eugeniusz w obozie sp\u0119dzi\u0142 2 lata i 8 miesi\u0119cy. Po przyje\u017adzie zosta\u0142a zakwalifikowany do grupy wi\u0119\u017ani\u00f3w, na kt\u00f3rych przeprowadzano eksperymenty medyczne. Wi\u0119\u017aniowie otrzymywali np. szczepienia na tyfus, po kt\u00f3rych poddani byli obserwacji. W marcu 1943 r. zosta\u0142 przetransportowany do Gusen I. Tam pracowa\u0142 w pobliskich kamienio\u0142omach, do kt\u00f3rych prowadzi\u0142y tzw. \u201eschody \u015bmierci\u201d. Je\u017celi wi\u0119\u017aniowie \u017ale pracowali lub brakowa\u0142o im si\u0142y, to byli z tych schod\u00f3w zrzucani do znajduj\u0105cego si\u0119 obok jeziorka. Pan Eugeniusz powa\u017cnie zachorowa\u0142, nie mia\u0142 ju\u017c si\u0142y walczy\u0107 i chcia\u0142 i\u015b\u0107 \u201ena druty\u201d \u2013 wi\u0119\u017aniowie u kresu wytrzyma\u0142o\u015bci szli dotkn\u0105\u0107 drut\u00f3w otaczaj\u0105cych ob\u00f3z, kt\u00f3re by\u0142y pod wysokim napi\u0119ciem i tak ko\u0144czyli swoje \u017cycie. Wsp\u00f3\u0142wi\u0119\u017aniowie nam\u00f3wili go jednak na wizyt\u0119 w lazarecie, gdzie cudem wr\u00f3ci\u0142 do zdrowia. Dzi\u0119ki temu, \u017ce sk\u0142ama\u0142, \u017ce jest krawcem i \u015blusarzem, po opuszczeniu lazaretu zosta\u0142 skierowany do pracy w wojskowych zak\u0142adach Steyra, co zwi\u0119kszy\u0142o jego szanse na prze\u017cycie.<\/p>\n<p>5 maja 1945 r. ob\u00f3z zosta\u0142 wyzwolony przez ameryka\u0144skich \u017co\u0142nierzy. Wi\u0119\u017aniowie dokonali samos\u0105du na stra\u017cnikach SS oraz wielu blokowych i kapach. Z transportu, w kt\u00f3rym do obozu trafi\u0142 Pan Eugeniusz ze 130 os\u00f3b ob\u00f3z opu\u015bci\u0142o tylko 6.<\/p>\n<p>Ob\u00f3z w Gusen to poza Katyniem miejsce najwi\u0119kszej eksterminacji polskiej inteligencji w czasach II wojny \u015bwiatowej. Film jak i relacja Pana Eugeniusz by\u0142a bardzo szokuj\u0105ca i poruszaj\u0105ca. By\u0142a to opowie\u015b\u0107 o piekle, kt\u00f3re \u201eludzie zgotowali ludziom\u201d i o tym, do czego ludzie s\u0105 zdolni. To dla nas przestroga i nauka, \u017ce nawet w zwyk\u0142ym \u017cyciu codziennym trzeba by\u0107 po prostu dobrym cz\u0142owiekiem.<\/p>\n<p style=\"text-align: right;\">Oliwia Ro\u017cynek\u00a0 klasa I B LO<\/p>\n<p style=\"text-align: center;\"><img loading=\"lazy\" decoding=\"async\" class=\"aligncenter size-full wp-image-234\" src=\"https:\/\/szkolapodlipami.pl\/wp-content\/uploads\/2019\/10\/20191001_115717.jpg\" alt=\"\" width=\"800\" height=\"450\" srcset=\"https:\/\/szkolapodlipami.pl\/wp-content\/uploads\/2019\/10\/20191001_115717.jpg 800w, https:\/\/szkolapodlipami.pl\/wp-content\/uploads\/2019\/10\/20191001_115717-300x169.jpg 300w, https:\/\/szkolapodlipami.pl\/wp-content\/uploads\/2019\/10\/20191001_115717-768x432.jpg 768w, https:\/\/szkolapodlipami.pl\/wp-content\/uploads\/2019\/10\/20191001_115717-430x242.jpg 430w\" sizes=\"auto, (max-width: 800px) 100vw, 800px\" \/> <img loading=\"lazy\" decoding=\"async\" class=\"aligncenter size-full wp-image-235\" src=\"https:\/\/szkolapodlipami.pl\/wp-content\/uploads\/2019\/10\/20191001_115729.jpg\" alt=\"\" width=\"800\" height=\"450\" srcset=\"https:\/\/szkolapodlipami.pl\/wp-content\/uploads\/2019\/10\/20191001_115729.jpg 800w, https:\/\/szkolapodlipami.pl\/wp-content\/uploads\/2019\/10\/20191001_115729-300x169.jpg 300w, https:\/\/szkolapodlipami.pl\/wp-content\/uploads\/2019\/10\/20191001_115729-768x432.jpg 768w, https:\/\/szkolapodlipami.pl\/wp-content\/uploads\/2019\/10\/20191001_115729-430x242.jpg 430w\" sizes=\"auto, (max-width: 800px) 100vw, 800px\" \/> <img loading=\"lazy\" decoding=\"async\" class=\"aligncenter size-full wp-image-236\" src=\"https:\/\/szkolapodlipami.pl\/wp-content\/uploads\/2019\/10\/20191001_115735.jpg\" alt=\"\" width=\"800\" height=\"450\" srcset=\"https:\/\/szkolapodlipami.pl\/wp-content\/uploads\/2019\/10\/20191001_115735.jpg 800w, https:\/\/szkolapodlipami.pl\/wp-content\/uploads\/2019\/10\/20191001_115735-300x169.jpg 300w, https:\/\/szkolapodlipami.pl\/wp-content\/uploads\/2019\/10\/20191001_115735-768x432.jpg 768w, https:\/\/szkolapodlipami.pl\/wp-content\/uploads\/2019\/10\/20191001_115735-430x242.jpg 430w\" sizes=\"auto, (max-width: 800px) 100vw, 800px\" \/> <img loading=\"lazy\" decoding=\"async\" class=\"aligncenter size-full wp-image-237\" src=\"https:\/\/szkolapodlipami.pl\/wp-content\/uploads\/2019\/10\/20191001_121147.jpg\" alt=\"\" width=\"675\" height=\"1200\" srcset=\"https:\/\/szkolapodlipami.pl\/wp-content\/uploads\/2019\/10\/20191001_121147.jpg 675w, https:\/\/szkolapodlipami.pl\/wp-content\/uploads\/2019\/10\/20191001_121147-169x300.jpg 169w, https:\/\/szkolapodlipami.pl\/wp-content\/uploads\/2019\/10\/20191001_121147-576x1024.jpg 576w, https:\/\/szkolapodlipami.pl\/wp-content\/uploads\/2019\/10\/20191001_121147-141x250.jpg 141w\" sizes=\"auto, (max-width: 675px) 100vw, 675px\" \/> <img loading=\"lazy\" decoding=\"async\" class=\"aligncenter size-full wp-image-238\" src=\"https:\/\/szkolapodlipami.pl\/wp-content\/uploads\/2019\/10\/20191001_121405.jpg\" alt=\"\" width=\"800\" height=\"450\" srcset=\"https:\/\/szkolapodlipami.pl\/wp-content\/uploads\/2019\/10\/20191001_121405.jpg 800w, https:\/\/szkolapodlipami.pl\/wp-content\/uploads\/2019\/10\/20191001_121405-300x169.jpg 300w, https:\/\/szkolapodlipami.pl\/wp-content\/uploads\/2019\/10\/20191001_121405-768x432.jpg 768w, https:\/\/szkolapodlipami.pl\/wp-content\/uploads\/2019\/10\/20191001_121405-430x242.jpg 430w\" sizes=\"auto, (max-width: 800px) 100vw, 800px\" \/> <img loading=\"lazy\" decoding=\"async\" class=\"aligncenter size-full wp-image-239\" src=\"https:\/\/szkolapodlipami.pl\/wp-content\/uploads\/2019\/10\/20191001_133825.jpg\" alt=\"\" width=\"800\" height=\"450\" srcset=\"https:\/\/szkolapodlipami.pl\/wp-content\/uploads\/2019\/10\/20191001_133825.jpg 800w, https:\/\/szkolapodlipami.pl\/wp-content\/uploads\/2019\/10\/20191001_133825-300x169.jpg 300w, https:\/\/szkolapodlipami.pl\/wp-content\/uploads\/2019\/10\/20191001_133825-768x432.jpg 768w, https:\/\/szkolapodlipami.pl\/wp-content\/uploads\/2019\/10\/20191001_133825-430x242.jpg 430w\" sizes=\"auto, (max-width: 800px) 100vw, 800px\" \/> <img loading=\"lazy\" decoding=\"async\" class=\"aligncenter size-full wp-image-240\" src=\"https:\/\/szkolapodlipami.pl\/wp-content\/uploads\/2019\/10\/20191001_133830.jpg\" alt=\"\" width=\"800\" height=\"450\" srcset=\"https:\/\/szkolapodlipami.pl\/wp-content\/uploads\/2019\/10\/20191001_133830.jpg 800w, https:\/\/szkolapodlipami.pl\/wp-content\/uploads\/2019\/10\/20191001_133830-300x169.jpg 300w, https:\/\/szkolapodlipami.pl\/wp-content\/uploads\/2019\/10\/20191001_133830-768x432.jpg 768w, https:\/\/szkolapodlipami.pl\/wp-content\/uploads\/2019\/10\/20191001_133830-430x242.jpg 430w\" sizes=\"auto, (max-width: 800px) 100vw, 800px\" \/> <img loading=\"lazy\" decoding=\"async\" class=\"aligncenter size-full wp-image-241\" src=\"https:\/\/szkolapodlipami.pl\/wp-content\/uploads\/2019\/10\/20191001_134037.jpg\" alt=\"\" width=\"800\" height=\"450\" srcset=\"https:\/\/szkolapodlipami.pl\/wp-content\/uploads\/2019\/10\/20191001_134037.jpg 800w, https:\/\/szkolapodlipami.pl\/wp-content\/uploads\/2019\/10\/20191001_134037-300x169.jpg 300w, https:\/\/szkolapodlipami.pl\/wp-content\/uploads\/2019\/10\/20191001_134037-768x432.jpg 768w, https:\/\/szkolapodlipami.pl\/wp-content\/uploads\/2019\/10\/20191001_134037-430x242.jpg 430w\" sizes=\"auto, (max-width: 800px) 100vw, 800px\" \/> <img loading=\"lazy\" decoding=\"async\" class=\"aligncenter size-full wp-image-242\" src=\"https:\/\/szkolapodlipami.pl\/wp-content\/uploads\/2019\/10\/Screenshot-1.jpg\" alt=\"\" width=\"610\" height=\"576\" srcset=\"https:\/\/szkolapodlipami.pl\/wp-content\/uploads\/2019\/10\/Screenshot-1.jpg 610w, https:\/\/szkolapodlipami.pl\/wp-content\/uploads\/2019\/10\/Screenshot-1-300x283.jpg 300w, https:\/\/szkolapodlipami.pl\/wp-content\/uploads\/2019\/10\/Screenshot-1-265x250.jpg 265w\" sizes=\"auto, (max-width: 610px) 100vw, 610px\" \/> <img loading=\"lazy\" decoding=\"async\" class=\"aligncenter size-full wp-image-243\" src=\"https:\/\/szkolapodlipami.pl\/wp-content\/uploads\/2019\/10\/Screenshot-2.jpg\" alt=\"\" width=\"420\" height=\"346\" srcset=\"https:\/\/szkolapodlipami.pl\/wp-content\/uploads\/2019\/10\/Screenshot-2.jpg 420w, https:\/\/szkolapodlipami.pl\/wp-content\/uploads\/2019\/10\/Screenshot-2-300x247.jpg 300w, https:\/\/szkolapodlipami.pl\/wp-content\/uploads\/2019\/10\/Screenshot-2-303x250.jpg 303w\" sizes=\"auto, (max-width: 420px) 100vw, 420px\" \/><\/p>\n","protected":false},"excerpt":{"rendered":"<p>1 pa\u017adziernika 2019 r. w naszej szkole odby\u0142o si\u0119 spotkanie z Panem Eugeniuszem \u015aliwi\u0144skim by\u0142ym wi\u0119\u017aniem obozu koncentracyjnego w Mauthausen \u2013 Gusen. Spotkanie zosta\u0142o zorganizowane przez Fundacj\u0119 \u201ePomost\u201d . W spotkaniu uczestniczy\u0142a r\u00f3wnie\u017c c\u00f3rka Pana Eugeniusza, kt\u00f3ra wspomaga\u0142a go w opowiadaniu historii \u017cycia. Spotkanie rozpocz\u0119\u0142o si\u0119 od obejrzenia\u00a0 filmu przedstawiaj\u0105cego &hellip;<\/p>\n","protected":false},"author":1,"featured_media":0,"comment_status":"closed","ping_status":"open","sticky":false,"template":"","format":"standard","meta":{"footnotes":""},"categories":[2,5],"tags":[],"class_list":["post-233","post","type-post","status-publish","format-standard","hentry","category-aktualnosci","category-liceum-sportowe"],"_links":{"self":[{"href":"https:\/\/szkolapodlipami.pl\/index.php?rest_route=\/wp\/v2\/posts\/233","targetHints":{"allow":["GET"]}}],"collection":[{"href":"https:\/\/szkolapodlipami.pl\/index.php?rest_route=\/wp\/v2\/posts"}],"about":[{"href":"https:\/\/szkolapodlipami.pl\/index.php?rest_route=\/wp\/v2\/types\/post"}],"author":[{"embeddable":true,"href":"https:\/\/szkolapodlipami.pl\/index.php?rest_route=\/wp\/v2\/users\/1"}],"replies":[{"embeddable":true,"href":"https:\/\/szkolapodlipami.pl\/index.php?rest_route=%2Fwp%2Fv2%2Fcomments&post=233"}],"version-history":[{"count":1,"href":"https:\/\/szkolapodlipami.pl\/index.php?rest_route=\/wp\/v2\/posts\/233\/revisions"}],"predecessor-version":[{"id":244,"href":"https:\/\/szkolapodlipami.pl\/index.php?rest_route=\/wp\/v2\/posts\/233\/revisions\/244"}],"wp:attachment":[{"href":"https:\/\/szkolapodlipami.pl\/index.php?rest_route=%2Fwp%2Fv2%2Fmedia&parent=233"}],"wp:term":[{"taxonomy":"category","embeddable":true,"href":"https:\/\/szkolapodlipami.pl\/index.php?rest_route=%2Fwp%2Fv2%2Fcategories&post=233"},{"taxonomy":"post_tag","embeddable":true,"href":"https:\/\/szkolapodlipami.pl\/index.php?rest_route=%2Fwp%2Fv2%2Ftags&post=233"}],"curies":[{"name":"wp","href":"https:\/\/api.w.org\/{rel}","templated":true}]}}