{"id":174,"date":"2019-09-28T21:51:48","date_gmt":"2019-09-28T19:51:48","guid":{"rendered":"http:\/\/szkolapodlipami.pl\/?p=174"},"modified":"2019-09-28T21:51:48","modified_gmt":"2019-09-28T19:51:48","slug":"poznanska-mlodziez-przeciw-dyskryminacji-podsumowanie-i-zapowiedzi-dzialan","status":"publish","type":"post","link":"https:\/\/szkolapodlipami.pl\/?p=174","title":{"rendered":"POZNA\u0143SKA M\u0141ODZIE\u017b PRZECIW DYSKRYMINACJI \u2013 PODSUMOWANIE I ZAPOWIEDZI DZIA\u0141A\u0143"},"content":{"rendered":"<p>Przedstawicielki naszej szko\u0142y uczestniczy\u0142y w konferencji \u201ePozna\u0144ska szko\u0142a bez dyskryminacji\u201d zorganizowanej w Urz\u0119dzie Miasta Poznania.<\/p>\n<p>W pozna\u0144skich szko\u0142ach od dw\u00f3ch lat realizowane s\u0105 finansowane z bud\u017cetu miasta dodatkowe zaj\u0119cia przeciwdzia\u0142aj\u0105ce \u00a0wykluczeniu i dyskryminacji. Nasza szko\u0142a bra\u0142a udzia\u0142 w poprzednich edycjach programu i zg\u0142osi\u0142a projekt zaj\u0119\u0107 antydyskryminacyjnych r\u00f3wnie\u017c w tym roku.<\/p>\n<p>Ponadto zostali\u015bmy przyj\u0119ci do innowacyjnego pilota\u017cowego programu WZMACNIANIE KOMPETENCJI PRZYW\u00d3DCZYCH DZIEWCZ\u0104T adresowanego do uczennic klas 6 szko\u0142y podstawowej. Jego celem jest rozwijanie umiej\u0119tno\u015bci komunikacyjnych i spo\u0142ecznych dziewcz\u0105t, wspieranie ich pewno\u015bci siebie, zach\u0119canie do aktywno\u015bci spo\u0142ecznej i obywatelskiej oraz pe\u0142nienia r\u00f3l przyw\u00f3dczych.<\/p>\n<p>Projekt realizowany b\u0119dzie przez Centrum Doradztwa Zawodowego dla M\u0142odzie\u017cy oraz Fundacj\u0119 \u201eProjekty Edukacyjne\u201d, a opiek\u0119 naukow\u0105 sprawowa\u0107 b\u0119dzie\u00a0 dr Iwona Chmura \u2013Rutkowska z Wydzia\u0142 Studi\u00f3w Edukacyjnych UAM.<\/p>\n<p>_____________________________<br \/>\nW konferencji uczestniczy\u0142y:<\/p>\n<p>Dyrektor Danuta Miko\u0142ajczak<\/p>\n<p>Renata Zajder \u2013 nauczycielka<\/p>\n<p>Natalia Zawadowicz \u2013 uczennica klasy 6c<\/p>\n<p>Monika Simi\u0144ska \u2013 mama ucznia klasy 6c<\/p>\n<p style=\"text-align: center;\"><img loading=\"lazy\" decoding=\"async\" class=\"aligncenter size-full wp-image-175\" src=\"https:\/\/szkolapodlipami.pl\/wp-content\/uploads\/2019\/09\/tolrz1.jpg\" alt=\"\" width=\"800\" height=\"575\" srcset=\"https:\/\/szkolapodlipami.pl\/wp-content\/uploads\/2019\/09\/tolrz1.jpg 800w, https:\/\/szkolapodlipami.pl\/wp-content\/uploads\/2019\/09\/tolrz1-300x216.jpg 300w, https:\/\/szkolapodlipami.pl\/wp-content\/uploads\/2019\/09\/tolrz1-768x552.jpg 768w, https:\/\/szkolapodlipami.pl\/wp-content\/uploads\/2019\/09\/tolrz1-348x250.jpg 348w\" sizes=\"auto, (max-width: 800px) 100vw, 800px\" \/> <img loading=\"lazy\" decoding=\"async\" class=\"aligncenter size-large wp-image-176\" src=\"https:\/\/szkolapodlipami.pl\/wp-content\/uploads\/2019\/09\/tolrz2.jpg\" alt=\"\" width=\"525\" height=\"700\" srcset=\"https:\/\/szkolapodlipami.pl\/wp-content\/uploads\/2019\/09\/tolrz2.jpg 525w, https:\/\/szkolapodlipami.pl\/wp-content\/uploads\/2019\/09\/tolrz2-225x300.jpg 225w, https:\/\/szkolapodlipami.pl\/wp-content\/uploads\/2019\/09\/tolrz2-188x250.jpg 188w\" sizes=\"auto, (max-width: 525px) 100vw, 525px\" \/><\/p>\n","protected":false},"excerpt":{"rendered":"<p>Przedstawicielki naszej szko\u0142y uczestniczy\u0142y w konferencji \u201ePozna\u0144ska szko\u0142a bez dyskryminacji\u201d zorganizowanej w Urz\u0119dzie Miasta Poznania. W pozna\u0144skich szko\u0142ach od dw\u00f3ch lat realizowane s\u0105 finansowane z bud\u017cetu miasta dodatkowe zaj\u0119cia przeciwdzia\u0142aj\u0105ce \u00a0wykluczeniu i dyskryminacji. Nasza szko\u0142a bra\u0142a udzia\u0142 w poprzednich edycjach programu i zg\u0142osi\u0142a projekt zaj\u0119\u0107 antydyskryminacyjnych r\u00f3wnie\u017c w tym roku. &hellip;<\/p>\n","protected":false},"author":1,"featured_media":0,"comment_status":"closed","ping_status":"open","sticky":false,"template":"","format":"standard","meta":{"footnotes":""},"categories":[2,4],"tags":[],"class_list":["post-174","post","type-post","status-publish","format-standard","hentry","category-aktualnosci","category-szkola-podstawowa"],"_links":{"self":[{"href":"https:\/\/szkolapodlipami.pl\/index.php?rest_route=\/wp\/v2\/posts\/174","targetHints":{"allow":["GET"]}}],"collection":[{"href":"https:\/\/szkolapodlipami.pl\/index.php?rest_route=\/wp\/v2\/posts"}],"about":[{"href":"https:\/\/szkolapodlipami.pl\/index.php?rest_route=\/wp\/v2\/types\/post"}],"author":[{"embeddable":true,"href":"https:\/\/szkolapodlipami.pl\/index.php?rest_route=\/wp\/v2\/users\/1"}],"replies":[{"embeddable":true,"href":"https:\/\/szkolapodlipami.pl\/index.php?rest_route=%2Fwp%2Fv2%2Fcomments&post=174"}],"version-history":[{"count":1,"href":"https:\/\/szkolapodlipami.pl\/index.php?rest_route=\/wp\/v2\/posts\/174\/revisions"}],"predecessor-version":[{"id":177,"href":"https:\/\/szkolapodlipami.pl\/index.php?rest_route=\/wp\/v2\/posts\/174\/revisions\/177"}],"wp:attachment":[{"href":"https:\/\/szkolapodlipami.pl\/index.php?rest_route=%2Fwp%2Fv2%2Fmedia&parent=174"}],"wp:term":[{"taxonomy":"category","embeddable":true,"href":"https:\/\/szkolapodlipami.pl\/index.php?rest_route=%2Fwp%2Fv2%2Fcategories&post=174"},{"taxonomy":"post_tag","embeddable":true,"href":"https:\/\/szkolapodlipami.pl\/index.php?rest_route=%2Fwp%2Fv2%2Ftags&post=174"}],"curies":[{"name":"wp","href":"https:\/\/api.w.org\/{rel}","templated":true}]}}