{"id":165,"date":"2019-09-25T07:40:08","date_gmt":"2019-09-25T05:40:08","guid":{"rendered":"http:\/\/szkolapodlipami.pl\/?p=165"},"modified":"2019-09-26T07:42:46","modified_gmt":"2019-09-26T05:42:46","slug":"dzien-holdu-i-pamieci","status":"publish","type":"post","link":"https:\/\/szkolapodlipami.pl\/?p=165","title":{"rendered":"Dzie\u0144 ho\u0142du i pami\u0119ci"},"content":{"rendered":"<div style=\"text-align: right;\"><em>&#8222;Naszym obowi\u0105zkiem jest pami\u0119\u0107 o tych, kt\u00f3rzy w imi\u0119 Najja\u015bniejszej oddali swoje \u017cycie w latach komunistycznego zniewolenia&#8221;<\/em><\/div>\n<div><\/div>\n<div>Dnia 23 wrze\u015bnia nasza szko\u0142a (Poczet sztandarowy) uczestniczy\u0142a w dniu ho\u0142du i pami\u0119ci ofiar re\u017cimu komunistycznego. Uroczysto\u015b\u0107 mia\u0142a miejsce w Zespole Szk\u00f3\u0142 Gimnazjalno-Licealnych przy ul. Wyspia\u0144skiego i przy szpitalu \u015bw. Rodziny, gdzie pod tablic\u0105 pami\u0119ci z\u0142o\u017cono kwiaty i zapalono znicze.<\/div>\n<div style=\"text-align: right;\">opiekun Pocztu Sztandarowego:<b>mgr Wiktor Plust<\/b><\/div>\n<div style=\"text-align: center;\"><img loading=\"lazy\" decoding=\"async\" class=\"aligncenter size-full wp-image-167\" src=\"https:\/\/szkolapodlipami.pl\/wp-content\/uploads\/2019\/09\/24_09.jpg\" alt=\"\" width=\"700\" height=\"394\" srcset=\"https:\/\/szkolapodlipami.pl\/wp-content\/uploads\/2019\/09\/24_09.jpg 700w, https:\/\/szkolapodlipami.pl\/wp-content\/uploads\/2019\/09\/24_09-300x169.jpg 300w, https:\/\/szkolapodlipami.pl\/wp-content\/uploads\/2019\/09\/24_09-430x242.jpg 430w\" sizes=\"auto, (max-width: 700px) 100vw, 700px\" \/><\/div>\n","protected":false},"excerpt":{"rendered":"<p>&#8222;Naszym obowi\u0105zkiem jest pami\u0119\u0107 o tych, kt\u00f3rzy w imi\u0119 Najja\u015bniejszej oddali swoje \u017cycie w latach komunistycznego zniewolenia&#8221; Dnia 23 wrze\u015bnia nasza szko\u0142a (Poczet sztandarowy) uczestniczy\u0142a w dniu ho\u0142du i pami\u0119ci ofiar re\u017cimu komunistycznego. Uroczysto\u015b\u0107 mia\u0142a miejsce w Zespole Szk\u00f3\u0142 Gimnazjalno-Licealnych przy ul. Wyspia\u0144skiego i przy szpitalu \u015bw. Rodziny, gdzie pod &hellip;<\/p>\n","protected":false},"author":1,"featured_media":0,"comment_status":"closed","ping_status":"open","sticky":false,"template":"","format":"standard","meta":{"footnotes":""},"categories":[2,4],"tags":[],"class_list":["post-165","post","type-post","status-publish","format-standard","hentry","category-aktualnosci","category-szkola-podstawowa"],"_links":{"self":[{"href":"https:\/\/szkolapodlipami.pl\/index.php?rest_route=\/wp\/v2\/posts\/165","targetHints":{"allow":["GET"]}}],"collection":[{"href":"https:\/\/szkolapodlipami.pl\/index.php?rest_route=\/wp\/v2\/posts"}],"about":[{"href":"https:\/\/szkolapodlipami.pl\/index.php?rest_route=\/wp\/v2\/types\/post"}],"author":[{"embeddable":true,"href":"https:\/\/szkolapodlipami.pl\/index.php?rest_route=\/wp\/v2\/users\/1"}],"replies":[{"embeddable":true,"href":"https:\/\/szkolapodlipami.pl\/index.php?rest_route=%2Fwp%2Fv2%2Fcomments&post=165"}],"version-history":[{"count":2,"href":"https:\/\/szkolapodlipami.pl\/index.php?rest_route=\/wp\/v2\/posts\/165\/revisions"}],"predecessor-version":[{"id":168,"href":"https:\/\/szkolapodlipami.pl\/index.php?rest_route=\/wp\/v2\/posts\/165\/revisions\/168"}],"wp:attachment":[{"href":"https:\/\/szkolapodlipami.pl\/index.php?rest_route=%2Fwp%2Fv2%2Fmedia&parent=165"}],"wp:term":[{"taxonomy":"category","embeddable":true,"href":"https:\/\/szkolapodlipami.pl\/index.php?rest_route=%2Fwp%2Fv2%2Fcategories&post=165"},{"taxonomy":"post_tag","embeddable":true,"href":"https:\/\/szkolapodlipami.pl\/index.php?rest_route=%2Fwp%2Fv2%2Ftags&post=165"}],"curies":[{"name":"wp","href":"https:\/\/api.w.org\/{rel}","templated":true}]}}