{"id":160,"date":"2019-09-22T21:40:54","date_gmt":"2019-09-22T19:40:54","guid":{"rendered":"http:\/\/szkolapodlipami.pl\/?p=160"},"modified":"2019-09-22T21:40:54","modified_gmt":"2019-09-22T19:40:54","slug":"swiatowy-dzien-kropki","status":"publish","type":"post","link":"https:\/\/szkolapodlipami.pl\/?p=160","title":{"rendered":"\u015awiatowy Dzie\u0144 Kropki"},"content":{"rendered":"<div>\u015awiatowy Dzie\u0144 Kropki w klasie 3c by\u0142 dniem kreatywno\u015bci, odkrywania talent\u00f3w oraz pokonywania trudno\u015bci.<\/div>\n<div style=\"text-align: left;\">wych. A.Jankowska<\/div>\n<div style=\"text-align: center;\"><img loading=\"lazy\" decoding=\"async\" class=\"aligncenter size-full wp-image-161\" src=\"https:\/\/szkolapodlipami.pl\/wp-content\/uploads\/2019\/09\/kropka1.jpg\" alt=\"\" width=\"700\" height=\"525\" srcset=\"https:\/\/szkolapodlipami.pl\/wp-content\/uploads\/2019\/09\/kropka1.jpg 700w, https:\/\/szkolapodlipami.pl\/wp-content\/uploads\/2019\/09\/kropka1-300x225.jpg 300w, https:\/\/szkolapodlipami.pl\/wp-content\/uploads\/2019\/09\/kropka1-333x250.jpg 333w\" sizes=\"auto, (max-width: 700px) 100vw, 700px\" \/> <img loading=\"lazy\" decoding=\"async\" class=\"aligncenter size-large wp-image-162\" src=\"https:\/\/szkolapodlipami.pl\/wp-content\/uploads\/2019\/09\/kropka2.jpg\" alt=\"\" width=\"525\" height=\"700\" srcset=\"https:\/\/szkolapodlipami.pl\/wp-content\/uploads\/2019\/09\/kropka2.jpg 525w, https:\/\/szkolapodlipami.pl\/wp-content\/uploads\/2019\/09\/kropka2-225x300.jpg 225w, https:\/\/szkolapodlipami.pl\/wp-content\/uploads\/2019\/09\/kropka2-188x250.jpg 188w\" sizes=\"auto, (max-width: 525px) 100vw, 525px\" \/> <img loading=\"lazy\" decoding=\"async\" class=\"aligncenter size-large wp-image-163\" src=\"https:\/\/szkolapodlipami.pl\/wp-content\/uploads\/2019\/09\/kropka3.jpg\" alt=\"\" width=\"700\" height=\"525\" srcset=\"https:\/\/szkolapodlipami.pl\/wp-content\/uploads\/2019\/09\/kropka3.jpg 700w, https:\/\/szkolapodlipami.pl\/wp-content\/uploads\/2019\/09\/kropka3-300x225.jpg 300w, https:\/\/szkolapodlipami.pl\/wp-content\/uploads\/2019\/09\/kropka3-333x250.jpg 333w\" sizes=\"auto, (max-width: 700px) 100vw, 700px\" \/><\/div>\n","protected":false},"excerpt":{"rendered":"<p>\u015awiatowy Dzie\u0144 Kropki w klasie 3c by\u0142 dniem kreatywno\u015bci, odkrywania talent\u00f3w oraz pokonywania trudno\u015bci. wych. A.Jankowska<\/p>\n","protected":false},"author":1,"featured_media":0,"comment_status":"closed","ping_status":"open","sticky":false,"template":"","format":"standard","meta":{"footnotes":""},"categories":[2,3],"tags":[],"class_list":["post-160","post","type-post","status-publish","format-standard","hentry","category-aktualnosci","category-nauczanie-wczesnoszkolne"],"_links":{"self":[{"href":"https:\/\/szkolapodlipami.pl\/index.php?rest_route=\/wp\/v2\/posts\/160","targetHints":{"allow":["GET"]}}],"collection":[{"href":"https:\/\/szkolapodlipami.pl\/index.php?rest_route=\/wp\/v2\/posts"}],"about":[{"href":"https:\/\/szkolapodlipami.pl\/index.php?rest_route=\/wp\/v2\/types\/post"}],"author":[{"embeddable":true,"href":"https:\/\/szkolapodlipami.pl\/index.php?rest_route=\/wp\/v2\/users\/1"}],"replies":[{"embeddable":true,"href":"https:\/\/szkolapodlipami.pl\/index.php?rest_route=%2Fwp%2Fv2%2Fcomments&post=160"}],"version-history":[{"count":1,"href":"https:\/\/szkolapodlipami.pl\/index.php?rest_route=\/wp\/v2\/posts\/160\/revisions"}],"predecessor-version":[{"id":164,"href":"https:\/\/szkolapodlipami.pl\/index.php?rest_route=\/wp\/v2\/posts\/160\/revisions\/164"}],"wp:attachment":[{"href":"https:\/\/szkolapodlipami.pl\/index.php?rest_route=%2Fwp%2Fv2%2Fmedia&parent=160"}],"wp:term":[{"taxonomy":"category","embeddable":true,"href":"https:\/\/szkolapodlipami.pl\/index.php?rest_route=%2Fwp%2Fv2%2Fcategories&post=160"},{"taxonomy":"post_tag","embeddable":true,"href":"https:\/\/szkolapodlipami.pl\/index.php?rest_route=%2Fwp%2Fv2%2Ftags&post=160"}],"curies":[{"name":"wp","href":"https:\/\/api.w.org\/{rel}","templated":true}]}}