{"id":144,"date":"2019-09-02T17:00:44","date_gmt":"2019-09-02T15:00:44","guid":{"rendered":"http:\/\/szkolapodlipami.pl\/?p=144"},"modified":"2019-09-02T17:00:44","modified_gmt":"2019-09-02T15:00:44","slug":"zaczynamy-kolejny-sezon-popkulturalnych-rozmow","status":"publish","type":"post","link":"https:\/\/szkolapodlipami.pl\/?p=144","title":{"rendered":"Zaczynamy kolejny sezon \u201ePOPkulturalnych rozm\u00f3w\u2026\u201d"},"content":{"rendered":"<p>Zapraszam na kolejny rok pe\u0142en teatralnych wzrusze\u0144, \u015bmiechu, refleksji. Rozpocz\u0119cie sezonu ju\u017c 28 wrze\u015bnia o 15.00. Obejrzymy najnowsz\u0105 premier\u0119 Teatru Muzycznego \u2013 musical \u201ePippin\u201d.<\/p>\n<p>Do teatru zapraszam wszystkich ch\u0119tnych \u2013 przede wszystkim uczni\u00f3w, ale te\u017c nauczycieli, rodzic\u00f3w i absolwent\u00f3w! Wszelkie informacje na bie\u017c\u0105co mo\u017cna \u015bledzi\u0107 na tablicy informacyjnej ko\u0142a na parterze.<\/p>\n<p>Do zobaczenia!<\/p>\n<p style=\"text-align: right;\">Katarzyna Szyszka<\/p>\n<p style=\"text-align: right;\">\u2013 opiekun ko\u0142a \u201ePOPkulturalne rozmowy\u2026\u201d<\/p>\n<p style=\"text-align: center;\"><img loading=\"lazy\" decoding=\"async\" class=\"aligncenter size-full wp-image-145\" src=\"https:\/\/szkolapodlipami.pl\/wp-content\/uploads\/2019\/09\/popkultstart.jpg\" alt=\"\" width=\"600\" height=\"400\" srcset=\"https:\/\/szkolapodlipami.pl\/wp-content\/uploads\/2019\/09\/popkultstart.jpg 600w, https:\/\/szkolapodlipami.pl\/wp-content\/uploads\/2019\/09\/popkultstart-300x200.jpg 300w, https:\/\/szkolapodlipami.pl\/wp-content\/uploads\/2019\/09\/popkultstart-375x250.jpg 375w\" sizes=\"auto, (max-width: 600px) 100vw, 600px\" \/><\/p>\n","protected":false},"excerpt":{"rendered":"<p>Zapraszam na kolejny rok pe\u0142en teatralnych wzrusze\u0144, \u015bmiechu, refleksji. Rozpocz\u0119cie sezonu ju\u017c 28 wrze\u015bnia o 15.00. Obejrzymy najnowsz\u0105 premier\u0119 Teatru Muzycznego \u2013 musical \u201ePippin\u201d. Do teatru zapraszam wszystkich ch\u0119tnych \u2013 przede wszystkim uczni\u00f3w, ale te\u017c nauczycieli, rodzic\u00f3w i absolwent\u00f3w! Wszelkie informacje na bie\u017c\u0105co mo\u017cna \u015bledzi\u0107 na tablicy informacyjnej ko\u0142a na &hellip;<\/p>\n","protected":false},"author":1,"featured_media":0,"comment_status":"closed","ping_status":"open","sticky":false,"template":"","format":"standard","meta":{"footnotes":""},"categories":[2,5,7,4],"tags":[],"class_list":["post-144","post","type-post","status-publish","format-standard","hentry","category-aktualnosci","category-liceum-sportowe","category-popkulturalne-rozmowy","category-szkola-podstawowa"],"_links":{"self":[{"href":"https:\/\/szkolapodlipami.pl\/index.php?rest_route=\/wp\/v2\/posts\/144","targetHints":{"allow":["GET"]}}],"collection":[{"href":"https:\/\/szkolapodlipami.pl\/index.php?rest_route=\/wp\/v2\/posts"}],"about":[{"href":"https:\/\/szkolapodlipami.pl\/index.php?rest_route=\/wp\/v2\/types\/post"}],"author":[{"embeddable":true,"href":"https:\/\/szkolapodlipami.pl\/index.php?rest_route=\/wp\/v2\/users\/1"}],"replies":[{"embeddable":true,"href":"https:\/\/szkolapodlipami.pl\/index.php?rest_route=%2Fwp%2Fv2%2Fcomments&post=144"}],"version-history":[{"count":1,"href":"https:\/\/szkolapodlipami.pl\/index.php?rest_route=\/wp\/v2\/posts\/144\/revisions"}],"predecessor-version":[{"id":146,"href":"https:\/\/szkolapodlipami.pl\/index.php?rest_route=\/wp\/v2\/posts\/144\/revisions\/146"}],"wp:attachment":[{"href":"https:\/\/szkolapodlipami.pl\/index.php?rest_route=%2Fwp%2Fv2%2Fmedia&parent=144"}],"wp:term":[{"taxonomy":"category","embeddable":true,"href":"https:\/\/szkolapodlipami.pl\/index.php?rest_route=%2Fwp%2Fv2%2Fcategories&post=144"},{"taxonomy":"post_tag","embeddable":true,"href":"https:\/\/szkolapodlipami.pl\/index.php?rest_route=%2Fwp%2Fv2%2Ftags&post=144"}],"curies":[{"name":"wp","href":"https:\/\/api.w.org\/{rel}","templated":true}]}}