{"id":1115,"date":"2022-03-16T20:24:20","date_gmt":"2022-03-16T19:24:20","guid":{"rendered":"http:\/\/szkolapodlipami.pl\/?p=1115"},"modified":"2022-09-23T15:17:42","modified_gmt":"2022-09-23T13:17:42","slug":"dzien-wspolpracy-2","status":"publish","type":"post","link":"https:\/\/szkolapodlipami.pl\/?p=1115","title":{"rendered":"Dzie\u0144 Wsp\u00f3\u0142pracy"},"content":{"rendered":"<p>W tym roku, podobnie jak w ubieg\u0142ym, Wydzia\u0142 Ekonomiczny UPP ze wzgl\u0119du na sytuacj\u0119 epidemiczn\u0105 w kraju, pragnie zaprosi\u0107 na Dzie\u0144 Wsp\u00f3\u0142pracy (7 edycja), kt\u00f3ry odb\u0119dzie si\u0119 24 marca 2022 r., wy\u0142\u0105cznie w formule on-line na kanale wydzia\u0142owym serwisu YouTube (link: <span role=\"gridcell\"><a class=\"oajrlxb2 g5ia77u1 qu0x051f esr5mh6w e9989ue4 r7d6kgcz rq0escxv nhd2j8a9 nc684nl6 p7hjln8o kvgmc6g5 cxmmr5t8 oygrvhab hcukyx3x jb3vyjys rz4wbd8a qt6c0cv9 a8nywdso i1ao9s8h f1sip0of lzcic4wl gpro0wi8 oo483o9r gmql0nx0\" tabindex=\"-1\" role=\"link\" href=\"https:\/\/www.youtube.com\/c\/Wydzia%C5%82EkonomicznyUPwPoznaniu?fbclid=IwAR1juwVm-MMbluAcMeEymQYnHJqcdXWaftIZb3puEACNfIRkAGD_JoWJC-E\" target=\"_blank\" rel=\"nofollow noopener\">https:\/\/www.youtube.com\/c\/Wydzia\u0142EkonomicznyUPwPoznaniu<\/a><\/span>). Zostanie zaprezentowana dzia\u0142alno\u015b\u0107 naukowa i dydaktyczna jednostki w powi\u0105zaniu z ciekawymi wywiadami, webcastami, relacjami student\u00f3w oraz materia\u0142ami studenckich k\u00f3\u0142 naukowych i samorz\u0105du Wydzia\u0142u. Czas trwania wydarzenia: 11:00 \u2013 12:00. Przebieg wydarzenia b\u0119dzie mo\u017cna \u015bledzi\u0107 na bie\u017c\u0105co r\u00f3wnie\u017c w wydarzeniu na fb WE UPP (link: <span role=\"gridcell\"><a class=\"oajrlxb2 g5ia77u1 qu0x051f esr5mh6w e9989ue4 r7d6kgcz rq0escxv nhd2j8a9 nc684nl6 p7hjln8o kvgmc6g5 cxmmr5t8 oygrvhab hcukyx3x jb3vyjys rz4wbd8a qt6c0cv9 a8nywdso i1ao9s8h f1sip0of lzcic4wl gpro0wi8 oo483o9r gmql0nx0\" tabindex=\"-1\" role=\"link\" href=\"https:\/\/www.facebook.com\/events\/434448075097186\">https:\/\/www.facebook.com\/events\/434448075097186<\/a><\/span>).<\/p>\n<p><img loading=\"lazy\" decoding=\"async\" class=\"aligncenter size-full wp-image-1118\" src=\"https:\/\/szkolapodlipami.pl\/wp-content\/uploads\/2022\/03\/Bez-nazwy.png\" alt=\"\" width=\"1000\" height=\"568\" srcset=\"https:\/\/szkolapodlipami.pl\/wp-content\/uploads\/2022\/03\/Bez-nazwy.png 1000w, https:\/\/szkolapodlipami.pl\/wp-content\/uploads\/2022\/03\/Bez-nazwy-300x170.png 300w, https:\/\/szkolapodlipami.pl\/wp-content\/uploads\/2022\/03\/Bez-nazwy-768x436.png 768w, https:\/\/szkolapodlipami.pl\/wp-content\/uploads\/2022\/03\/Bez-nazwy-430x244.png 430w\" sizes=\"auto, (max-width: 1000px) 100vw, 1000px\" \/><\/p>\n","protected":false},"excerpt":{"rendered":"<p>W tym roku, podobnie jak w ubieg\u0142ym, Wydzia\u0142 Ekonomiczny UPP ze wzgl\u0119du na sytuacj\u0119 epidemiczn\u0105 w kraju, pragnie zaprosi\u0107 na Dzie\u0144 Wsp\u00f3\u0142pracy (7 edycja), kt\u00f3ry odb\u0119dzie si\u0119 24 marca 2022 r., wy\u0142\u0105cznie w formule on-line na kanale wydzia\u0142owym serwisu YouTube (link: https:\/\/www.youtube.com\/c\/Wydzia\u0142EkonomicznyUPwPoznaniu). Zostanie zaprezentowana dzia\u0142alno\u015b\u0107 naukowa i dydaktyczna jednostki w &hellip;<\/p>\n","protected":false},"author":1,"featured_media":0,"comment_status":"closed","ping_status":"open","sticky":false,"template":"","format":"standard","meta":{"footnotes":""},"categories":[2],"tags":[],"class_list":["post-1115","post","type-post","status-publish","format-standard","hentry","category-aktualnosci"],"_links":{"self":[{"href":"https:\/\/szkolapodlipami.pl\/index.php?rest_route=\/wp\/v2\/posts\/1115","targetHints":{"allow":["GET"]}}],"collection":[{"href":"https:\/\/szkolapodlipami.pl\/index.php?rest_route=\/wp\/v2\/posts"}],"about":[{"href":"https:\/\/szkolapodlipami.pl\/index.php?rest_route=\/wp\/v2\/types\/post"}],"author":[{"embeddable":true,"href":"https:\/\/szkolapodlipami.pl\/index.php?rest_route=\/wp\/v2\/users\/1"}],"replies":[{"embeddable":true,"href":"https:\/\/szkolapodlipami.pl\/index.php?rest_route=%2Fwp%2Fv2%2Fcomments&post=1115"}],"version-history":[{"count":3,"href":"https:\/\/szkolapodlipami.pl\/index.php?rest_route=\/wp\/v2\/posts\/1115\/revisions"}],"predecessor-version":[{"id":1119,"href":"https:\/\/szkolapodlipami.pl\/index.php?rest_route=\/wp\/v2\/posts\/1115\/revisions\/1119"}],"wp:attachment":[{"href":"https:\/\/szkolapodlipami.pl\/index.php?rest_route=%2Fwp%2Fv2%2Fmedia&parent=1115"}],"wp:term":[{"taxonomy":"category","embeddable":true,"href":"https:\/\/szkolapodlipami.pl\/index.php?rest_route=%2Fwp%2Fv2%2Fcategories&post=1115"},{"taxonomy":"post_tag","embeddable":true,"href":"https:\/\/szkolapodlipami.pl\/index.php?rest_route=%2Fwp%2Fv2%2Ftags&post=1115"}],"curies":[{"name":"wp","href":"https:\/\/api.w.org\/{rel}","templated":true}]}}