{"id":1083,"date":"2022-02-21T22:24:38","date_gmt":"2022-02-21T21:24:38","guid":{"rendered":"http:\/\/szkolapodlipami.pl\/?p=1083"},"modified":"2022-02-21T22:25:40","modified_gmt":"2022-02-21T21:25:40","slug":"refleksje-odbicia","status":"publish","type":"post","link":"https:\/\/szkolapodlipami.pl\/?p=1083","title":{"rendered":"&#8222;Refleksje\/Odbicia&#8221;"},"content":{"rendered":"<p>Serdecznie zapraszamy na wystaw\u0119 zbiorow\u0105 pt. &#8222;Refleksje\/Odbicia&#8221; na kt\u00f3rej fotografie poka\u017c\u0105 m. in. nasi uczniowe\/uczennice. Wystawa jest inicjatyw\u0105 Jeremiasza Mularczyka, ucznia II Liceum Og\u00f3lnokszta\u0142c\u0105cego w Poznaniu, kt\u00f3ry w ramach szkolnego projektu zaprosi\u0142 do wystawy inne m\u0142ode osoby i pod jednym tytu\u0142em zaprezentuj\u0105 razem r\u00f3\u017cne spojrzenia artystyczne. Wernisa\u017c wystawy:25.02.2022, godz. 18.00 Atelier Stowarzyszenia &#8222;\u0141az\u0119ga Pozna\u0144ska&#8221; Ul. \u015aw. Marcin 75<\/p>\n<p>Opiekun wystawy: Ewelina Fordo\u0144ska<\/p>\n<p><img loading=\"lazy\" decoding=\"async\" class=\"aligncenter size-full wp-image-1085\" src=\"https:\/\/szkolapodlipami.pl\/wp-content\/uploads\/2022\/02\/274060187_1124932511601956_5083061293333052186_n.jpg\" alt=\"\" width=\"591\" height=\"886\" srcset=\"https:\/\/szkolapodlipami.pl\/wp-content\/uploads\/2022\/02\/274060187_1124932511601956_5083061293333052186_n.jpg 591w, https:\/\/szkolapodlipami.pl\/wp-content\/uploads\/2022\/02\/274060187_1124932511601956_5083061293333052186_n-200x300.jpg 200w, https:\/\/szkolapodlipami.pl\/wp-content\/uploads\/2022\/02\/274060187_1124932511601956_5083061293333052186_n-167x250.jpg 167w\" sizes=\"auto, (max-width: 591px) 100vw, 591px\" \/><\/p>\n","protected":false},"excerpt":{"rendered":"<p>Serdecznie zapraszamy na wystaw\u0119 zbiorow\u0105 pt. &#8222;Refleksje\/Odbicia&#8221; na kt\u00f3rej fotografie poka\u017c\u0105 m. in. nasi uczniowe\/uczennice. Wystawa jest inicjatyw\u0105 Jeremiasza Mularczyka, ucznia II Liceum Og\u00f3lnokszta\u0142c\u0105cego w Poznaniu, kt\u00f3ry w ramach szkolnego projektu zaprosi\u0142 do wystawy inne m\u0142ode osoby i pod jednym tytu\u0142em zaprezentuj\u0105 razem r\u00f3\u017cne spojrzenia artystyczne. Wernisa\u017c wystawy:25.02.2022, godz. 18.00 &hellip;<\/p>\n","protected":false},"author":1,"featured_media":0,"comment_status":"closed","ping_status":"open","sticky":false,"template":"","format":"standard","meta":{"footnotes":""},"categories":[2],"tags":[],"class_list":["post-1083","post","type-post","status-publish","format-standard","hentry","category-aktualnosci"],"_links":{"self":[{"href":"https:\/\/szkolapodlipami.pl\/index.php?rest_route=\/wp\/v2\/posts\/1083","targetHints":{"allow":["GET"]}}],"collection":[{"href":"https:\/\/szkolapodlipami.pl\/index.php?rest_route=\/wp\/v2\/posts"}],"about":[{"href":"https:\/\/szkolapodlipami.pl\/index.php?rest_route=\/wp\/v2\/types\/post"}],"author":[{"embeddable":true,"href":"https:\/\/szkolapodlipami.pl\/index.php?rest_route=\/wp\/v2\/users\/1"}],"replies":[{"embeddable":true,"href":"https:\/\/szkolapodlipami.pl\/index.php?rest_route=%2Fwp%2Fv2%2Fcomments&post=1083"}],"version-history":[{"count":2,"href":"https:\/\/szkolapodlipami.pl\/index.php?rest_route=\/wp\/v2\/posts\/1083\/revisions"}],"predecessor-version":[{"id":1086,"href":"https:\/\/szkolapodlipami.pl\/index.php?rest_route=\/wp\/v2\/posts\/1083\/revisions\/1086"}],"wp:attachment":[{"href":"https:\/\/szkolapodlipami.pl\/index.php?rest_route=%2Fwp%2Fv2%2Fmedia&parent=1083"}],"wp:term":[{"taxonomy":"category","embeddable":true,"href":"https:\/\/szkolapodlipami.pl\/index.php?rest_route=%2Fwp%2Fv2%2Fcategories&post=1083"},{"taxonomy":"post_tag","embeddable":true,"href":"https:\/\/szkolapodlipami.pl\/index.php?rest_route=%2Fwp%2Fv2%2Ftags&post=1083"}],"curies":[{"name":"wp","href":"https:\/\/api.w.org\/{rel}","templated":true}]}}