{"id":1048,"date":"2021-11-07T20:12:17","date_gmt":"2021-11-07T19:12:17","guid":{"rendered":"http:\/\/szkolapodlipami.pl\/?p=1048"},"modified":"2022-02-21T22:25:57","modified_gmt":"2022-02-21T21:25:57","slug":"badzmy-razem-w-teatrze","status":"publish","type":"post","link":"https:\/\/szkolapodlipami.pl\/?p=1048","title":{"rendered":"BAD\u0179MY RAZEM W TEATRZE!"},"content":{"rendered":"<p>Uwaga! \u201ePOPkulturalne rozmowy&#8230;\u201d og\u0142aszaj\u0105, \u017ce grudniowe wyj\u015bcie do teatru odb\u0119dzie si\u0119 pod has\u0142em:<\/p>\n<p style=\"text-align: center;\"><strong>\u201eB\u0105d\u017amy razem!\u201d<\/strong><\/p>\n<p>11 grudnia o 15.00 spektakl <strong>\u201eEVITA\u201d <\/strong>w Teatrze Muzycznym.<\/p>\n<p>Wej\u015bci\u00f3wki 40 z\u0142otych.<\/p>\n<p>Zapraszam uczni\u00f3w, nauczycieli, rodzic\u00f3w, absolwent\u00f3w.<\/p>\n<p style=\"text-align: right;\">Katarzyna Szyszka<\/p>\n<p style=\"text-align: right;\">\u2013 opiekunka ko\u0142a \u201ePOPkulturalne rozmowy\u2026\u201d<\/p>\n<p style=\"text-align: center;\"><img loading=\"lazy\" decoding=\"async\" class=\"aligncenter size-full wp-image-1049\" src=\"https:\/\/szkolapodlipami.pl\/wp-content\/uploads\/2021\/11\/evi.jpg\" alt=\"\" width=\"234\" height=\"328\" srcset=\"https:\/\/szkolapodlipami.pl\/wp-content\/uploads\/2021\/11\/evi.jpg 234w, https:\/\/szkolapodlipami.pl\/wp-content\/uploads\/2021\/11\/evi-214x300.jpg 214w, https:\/\/szkolapodlipami.pl\/wp-content\/uploads\/2021\/11\/evi-178x250.jpg 178w\" sizes=\"auto, (max-width: 234px) 100vw, 234px\" \/><\/p>\n","protected":false},"excerpt":{"rendered":"<p>Uwaga! \u201ePOPkulturalne rozmowy&#8230;\u201d og\u0142aszaj\u0105, \u017ce grudniowe wyj\u015bcie do teatru odb\u0119dzie si\u0119 pod has\u0142em: \u201eB\u0105d\u017amy razem!\u201d 11 grudnia o 15.00 spektakl \u201eEVITA\u201d w Teatrze Muzycznym. Wej\u015bci\u00f3wki 40 z\u0142otych. Zapraszam uczni\u00f3w, nauczycieli, rodzic\u00f3w, absolwent\u00f3w. Katarzyna Szyszka \u2013 opiekunka ko\u0142a \u201ePOPkulturalne rozmowy\u2026\u201d<\/p>\n","protected":false},"author":1,"featured_media":0,"comment_status":"closed","ping_status":"open","sticky":false,"template":"","format":"standard","meta":{"footnotes":""},"categories":[2,7],"tags":[],"class_list":["post-1048","post","type-post","status-publish","format-standard","hentry","category-aktualnosci","category-popkulturalne-rozmowy"],"_links":{"self":[{"href":"https:\/\/szkolapodlipami.pl\/index.php?rest_route=\/wp\/v2\/posts\/1048","targetHints":{"allow":["GET"]}}],"collection":[{"href":"https:\/\/szkolapodlipami.pl\/index.php?rest_route=\/wp\/v2\/posts"}],"about":[{"href":"https:\/\/szkolapodlipami.pl\/index.php?rest_route=\/wp\/v2\/types\/post"}],"author":[{"embeddable":true,"href":"https:\/\/szkolapodlipami.pl\/index.php?rest_route=\/wp\/v2\/users\/1"}],"replies":[{"embeddable":true,"href":"https:\/\/szkolapodlipami.pl\/index.php?rest_route=%2Fwp%2Fv2%2Fcomments&post=1048"}],"version-history":[{"count":1,"href":"https:\/\/szkolapodlipami.pl\/index.php?rest_route=\/wp\/v2\/posts\/1048\/revisions"}],"predecessor-version":[{"id":1050,"href":"https:\/\/szkolapodlipami.pl\/index.php?rest_route=\/wp\/v2\/posts\/1048\/revisions\/1050"}],"wp:attachment":[{"href":"https:\/\/szkolapodlipami.pl\/index.php?rest_route=%2Fwp%2Fv2%2Fmedia&parent=1048"}],"wp:term":[{"taxonomy":"category","embeddable":true,"href":"https:\/\/szkolapodlipami.pl\/index.php?rest_route=%2Fwp%2Fv2%2Fcategories&post=1048"},{"taxonomy":"post_tag","embeddable":true,"href":"https:\/\/szkolapodlipami.pl\/index.php?rest_route=%2Fwp%2Fv2%2Ftags&post=1048"}],"curies":[{"name":"wp","href":"https:\/\/api.w.org\/{rel}","templated":true}]}}