{"id":1000,"date":"2021-09-04T13:23:41","date_gmt":"2021-09-04T11:23:41","guid":{"rendered":"http:\/\/szkolapodlipami.pl\/?p=1000"},"modified":"2021-10-02T19:59:47","modified_gmt":"2021-10-02T17:59:47","slug":"spektakl-kombinat","status":"publish","type":"post","link":"https:\/\/szkolapodlipami.pl\/?p=1000","title":{"rendered":"\u201ePOPkulturalna\u2026\u201d propozycja teatralna"},"content":{"rendered":"<p style=\"text-align: center;\"><strong>2 pa\u017adziernika o 18.00<\/strong><\/p>\n<p style=\"text-align: center;\"><strong>Spektakl \u201eKOMBINAT\u201d Teatr Muzyczny<\/strong><\/p>\n<p style=\"text-align: center;\"><strong>Wej\u015bci\u00f3wki (parter, XV rz\u0105d) w cenie 40 z\u0142otych<\/strong><\/p>\n<p style=\"text-align: center;\"><strong>P\u0142atno\u015b\u0107 do 7 wrze\u015bnia!<\/strong><\/p>\n<p style=\"text-align: center;\">\u201eKOMBINAT\u201d pokazuje przysz\u0142o\u015b\u0107. Futurystyczn\u0105, surrealistyczn\u0105 i pe\u0142n\u0105 metafor. Powsta\u0142 z inspiracji tekstami Kafki, Orwella i Huxleya, a za punkt wyj\u015bcia przyj\u0105\u0142 muzyk\u0119 i teksty <strong>Obywatela GC i Republiki.<\/strong><\/p>\n<p style=\"text-align: center;\">To spektakl, jakiego jeszcze nie by\u0142o. To historia, kt\u00f3ra dzieje si\u0119 ka\u017cdego dnia.<\/p>\n<p style=\"text-align: center;\">Przyjd\u017a. Przyjd\u017acie. Ta opowie\u015b\u0107 jest o nas wszystkich\u2026<\/p>\n<p style=\"text-align: right;\">Zapraszam \u2013 opiekunka ko\u0142a Katarzyna Szyszka<\/p>\n<p style=\"text-align: center;\"><img loading=\"lazy\" decoding=\"async\" class=\"aligncenter size-full wp-image-1002\" src=\"https:\/\/szkolapodlipami.pl\/wp-content\/uploads\/2021\/09\/Obraz1.jpg\" alt=\"\" width=\"221\" height=\"331\" srcset=\"https:\/\/szkolapodlipami.pl\/wp-content\/uploads\/2021\/09\/Obraz1.jpg 221w, https:\/\/szkolapodlipami.pl\/wp-content\/uploads\/2021\/09\/Obraz1-200x300.jpg 200w, https:\/\/szkolapodlipami.pl\/wp-content\/uploads\/2021\/09\/Obraz1-167x250.jpg 167w\" sizes=\"auto, (max-width: 221px) 100vw, 221px\" \/><\/p>\n","protected":false},"excerpt":{"rendered":"<p>2 pa\u017adziernika o 18.00 Spektakl \u201eKOMBINAT\u201d Teatr Muzyczny Wej\u015bci\u00f3wki (parter, XV rz\u0105d) w cenie 40 z\u0142otych P\u0142atno\u015b\u0107 do 7 wrze\u015bnia! \u201eKOMBINAT\u201d pokazuje przysz\u0142o\u015b\u0107. Futurystyczn\u0105, surrealistyczn\u0105 i pe\u0142n\u0105 metafor. Powsta\u0142 z inspiracji tekstami Kafki, Orwella i Huxleya, a za punkt wyj\u015bcia przyj\u0105\u0142 muzyk\u0119 i teksty Obywatela GC i Republiki. To spektakl, &hellip;<\/p>\n","protected":false},"author":1,"featured_media":0,"comment_status":"closed","ping_status":"open","sticky":false,"template":"","format":"standard","meta":{"footnotes":""},"categories":[2,7],"tags":[],"class_list":["post-1000","post","type-post","status-publish","format-standard","hentry","category-aktualnosci","category-popkulturalne-rozmowy"],"_links":{"self":[{"href":"https:\/\/szkolapodlipami.pl\/index.php?rest_route=\/wp\/v2\/posts\/1000","targetHints":{"allow":["GET"]}}],"collection":[{"href":"https:\/\/szkolapodlipami.pl\/index.php?rest_route=\/wp\/v2\/posts"}],"about":[{"href":"https:\/\/szkolapodlipami.pl\/index.php?rest_route=\/wp\/v2\/types\/post"}],"author":[{"embeddable":true,"href":"https:\/\/szkolapodlipami.pl\/index.php?rest_route=\/wp\/v2\/users\/1"}],"replies":[{"embeddable":true,"href":"https:\/\/szkolapodlipami.pl\/index.php?rest_route=%2Fwp%2Fv2%2Fcomments&post=1000"}],"version-history":[{"count":2,"href":"https:\/\/szkolapodlipami.pl\/index.php?rest_route=\/wp\/v2\/posts\/1000\/revisions"}],"predecessor-version":[{"id":1003,"href":"https:\/\/szkolapodlipami.pl\/index.php?rest_route=\/wp\/v2\/posts\/1000\/revisions\/1003"}],"wp:attachment":[{"href":"https:\/\/szkolapodlipami.pl\/index.php?rest_route=%2Fwp%2Fv2%2Fmedia&parent=1000"}],"wp:term":[{"taxonomy":"category","embeddable":true,"href":"https:\/\/szkolapodlipami.pl\/index.php?rest_route=%2Fwp%2Fv2%2Fcategories&post=1000"},{"taxonomy":"post_tag","embeddable":true,"href":"https:\/\/szkolapodlipami.pl\/index.php?rest_route=%2Fwp%2Fv2%2Ftags&post=1000"}],"curies":[{"name":"wp","href":"https:\/\/api.w.org\/{rel}","templated":true}]}}